{"id":1914,"date":"2022-11-24T09:19:33","date_gmt":"2022-11-24T09:19:33","guid":{"rendered":"https:\/\/autelec.es\/expoliva-2017\/"},"modified":"2022-11-24T09:19:33","modified_gmt":"2022-11-24T09:19:33","slug":"expoliva-2017","status":"publish","type":"post","link":"https:\/\/autelec.es\/en\/expoliva-2017\/","title":{"rendered":"Expoliva 2017"},"content":{"rendered":"<p>Expoliva 2017 is celebrated again and Autelec will be present. This is the XVIII International Fair of Olive Oil and Related Industries EXPOLIVA that will take place in Ja\u00e9n from May 10 to 13, 2017. For more information, do not hesitate to <a href=\"http:\/\/autelec.es\/como- meet us\/\">write us.<\/a><\/p>\n<p>&nbsp;<\/p>\n","protected":false},"excerpt":{"rendered":"<p>Expoliva 2017 is celebrated again and Autelec will be present. This is the XVIII International Fair of Olive Oil and Related Industries EXPOLIVA that will take place in Ja\u00e9n from&#8230;<\/p>\n","protected":false},"author":1,"featured_media":541,"comment_status":"closed","ping_status":"closed","sticky":false,"template":"","format":"standard","meta":{"_exactmetrics_skip_tracking":false,"_exactmetrics_sitenote_active":false,"_exactmetrics_sitenote_note":"","_exactmetrics_sitenote_category":0,"footnotes":""},"categories":[65],"tags":[69,66,67,68],"class_list":{"0":"post-1914","1":"post","2":"type-post","3":"status-publish","4":"format-standard","5":"has-post-thumbnail","7":"category-autelec-news","8":"tag-aceite-en","9":"tag-autelec-en","10":"tag-expoliva-en","11":"tag-feria-aceite-en"},"yoast_head":"<!-- This site is optimized with the Yoast SEO plugin v26.9 - https:\/\/yoast.com\/product\/yoast-seo-wordpress\/ -->\n<title>Expoliva 2017: Autelec presente en la pr\u00f3xima edici\u00f3n<\/title>\n<meta name=\"description\" content=\"Expoliva 2017: Autelec estar\u00e1 presente en la XVIII Feria Internacional del Aceite de Oliva e Industrias Afines que tendr\u00e1 lugar en Ja\u00e9n.\" \/>\n<meta name=\"robots\" content=\"index, follow, max-snippet:-1, max-image-preview:large, max-video-preview:-1\" \/>\n<link rel=\"canonical\" href=\"https:\/\/autelec.es\/expoliva-2017\/\" \/>\n<meta property=\"og:locale\" content=\"en_US\" \/>\n<meta property=\"og:type\" content=\"article\" \/>\n<meta property=\"og:title\" content=\"Expoliva 2017: Autelec presente en la pr\u00f3xima edici\u00f3n\" \/>\n<meta property=\"og:description\" content=\"Expoliva 2017: Autelec estar\u00e1 presente en la XVIII Feria Internacional del Aceite de Oliva e Industrias Afines que tendr\u00e1 lugar en Ja\u00e9n.\" \/>\n<meta property=\"og:url\" content=\"https:\/\/autelec.es\/expoliva-2017\/\" \/>\n<meta property=\"og:site_name\" content=\"Autelec\" \/>\n<meta property=\"article:publisher\" content=\"https:\/\/www.facebook.com\/autelec.tecnologia.sl\/\" \/>\n<meta property=\"article:published_time\" content=\"2022-11-24T09:19:33+00:00\" \/>\n<meta property=\"og:image\" content=\"https:\/\/autelec.es\/wp-content\/uploads\/2016\/09\/EXPOLIVA_2017.jpg\" \/>\n\t<meta property=\"og:image:width\" content=\"800\" \/>\n\t<meta property=\"og:image:height\" content=\"600\" \/>\n\t<meta property=\"og:image:type\" content=\"image\/jpeg\" \/>\n<meta name=\"author\" content=\"Autelec\" \/>\n<meta name=\"twitter:card\" content=\"summary_large_image\" \/>\n<meta name=\"twitter:creator\" content=\"@autelec\" \/>\n<meta name=\"twitter:site\" content=\"@autelec\" \/>\n<meta name=\"twitter:label1\" content=\"Written by\" \/>\n\t<meta name=\"twitter:data1\" content=\"Autelec\" \/>\n<script type=\"application\/ld+json\" class=\"yoast-schema-graph\">{\"@context\":\"https:\/\/schema.org\",\"@graph\":[{\"@type\":\"Article\",\"@id\":\"https:\/\/autelec.es\/expoliva-2017\/#article\",\"isPartOf\":{\"@id\":\"https:\/\/autelec.es\/expoliva-2017\/\"},\"author\":{\"name\":\"Autelec\",\"@id\":\"https:\/\/autelec.es\/#\/schema\/person\/383db1ae4c98d38da90f442f167db8f4\"},\"headline\":\"Expoliva 2017\",\"datePublished\":\"2022-11-24T09:19:33+00:00\",\"mainEntityOfPage\":{\"@id\":\"https:\/\/autelec.es\/expoliva-2017\/\"},\"wordCount\":43,\"image\":{\"@id\":\"https:\/\/autelec.es\/expoliva-2017\/#primaryimage\"},\"thumbnailUrl\":\"https:\/\/autelec.es\/wp-content\/uploads\/2016\/09\/EXPOLIVA_2017.jpg\",\"keywords\":[\"aceite\",\"autelec\",\"expoliva\",\"feria aceite\"],\"articleSection\":[\"Autelec News\"],\"inLanguage\":\"en-US\"},{\"@type\":\"WebPage\",\"@id\":\"https:\/\/autelec.es\/expoliva-2017\/\",\"url\":\"https:\/\/autelec.es\/expoliva-2017\/\",\"name\":\"Expoliva 2017: Autelec presente en la pr\u00f3xima edici\u00f3n\",\"isPartOf\":{\"@id\":\"https:\/\/autelec.es\/#website\"},\"primaryImageOfPage\":{\"@id\":\"https:\/\/autelec.es\/expoliva-2017\/#primaryimage\"},\"image\":{\"@id\":\"https:\/\/autelec.es\/expoliva-2017\/#primaryimage\"},\"thumbnailUrl\":\"https:\/\/autelec.es\/wp-content\/uploads\/2016\/09\/EXPOLIVA_2017.jpg\",\"datePublished\":\"2022-11-24T09:19:33+00:00\",\"author\":{\"@id\":\"https:\/\/autelec.es\/#\/schema\/person\/383db1ae4c98d38da90f442f167db8f4\"},\"description\":\"Expoliva 2017: Autelec estar\u00e1 presente en la XVIII Feria Internacional del Aceite de Oliva e Industrias Afines que tendr\u00e1 lugar en Ja\u00e9n.\",\"breadcrumb\":{\"@id\":\"https:\/\/autelec.es\/expoliva-2017\/#breadcrumb\"},\"inLanguage\":\"en-US\",\"potentialAction\":[{\"@type\":\"ReadAction\",\"target\":[\"https:\/\/autelec.es\/expoliva-2017\/\"]}]},{\"@type\":\"ImageObject\",\"inLanguage\":\"en-US\",\"@id\":\"https:\/\/autelec.es\/expoliva-2017\/#primaryimage\",\"url\":\"https:\/\/autelec.es\/wp-content\/uploads\/2016\/09\/EXPOLIVA_2017.jpg\",\"contentUrl\":\"https:\/\/autelec.es\/wp-content\/uploads\/2016\/09\/EXPOLIVA_2017.jpg\",\"width\":800,\"height\":600,\"caption\":\"expoliva autelec aceite de oliva\"},{\"@type\":\"BreadcrumbList\",\"@id\":\"https:\/\/autelec.es\/expoliva-2017\/#breadcrumb\",\"itemListElement\":[{\"@type\":\"ListItem\",\"position\":1,\"name\":\"Portada\",\"item\":\"https:\/\/autelec.es\/\"},{\"@type\":\"ListItem\",\"position\":2,\"name\":\"Expoliva 2017\"}]},{\"@type\":\"WebSite\",\"@id\":\"https:\/\/autelec.es\/#website\",\"url\":\"https:\/\/autelec.es\/\",\"name\":\"Autelec\",\"description\":\"Otro sitio realizado con WordPress\",\"potentialAction\":[{\"@type\":\"SearchAction\",\"target\":{\"@type\":\"EntryPoint\",\"urlTemplate\":\"https:\/\/autelec.es\/?s={search_term_string}\"},\"query-input\":{\"@type\":\"PropertyValueSpecification\",\"valueRequired\":true,\"valueName\":\"search_term_string\"}}],\"inLanguage\":\"en-US\"},{\"@type\":\"Person\",\"@id\":\"https:\/\/autelec.es\/#\/schema\/person\/383db1ae4c98d38da90f442f167db8f4\",\"name\":\"Autelec\",\"url\":\"https:\/\/autelec.es\/en\/author\/wp_sp\/\"}]}<\/script>\n<!-- \/ Yoast SEO plugin. -->","yoast_head_json":{"title":"Expoliva 2017: Autelec presente en la pr\u00f3xima edici\u00f3n","description":"Expoliva 2017: Autelec estar\u00e1 presente en la XVIII Feria Internacional del Aceite de Oliva e Industrias Afines que tendr\u00e1 lugar en Ja\u00e9n.","robots":{"index":"index","follow":"follow","max-snippet":"max-snippet:-1","max-image-preview":"max-image-preview:large","max-video-preview":"max-video-preview:-1"},"canonical":"https:\/\/autelec.es\/expoliva-2017\/","og_locale":"en_US","og_type":"article","og_title":"Expoliva 2017: Autelec presente en la pr\u00f3xima edici\u00f3n","og_description":"Expoliva 2017: Autelec estar\u00e1 presente en la XVIII Feria Internacional del Aceite de Oliva e Industrias Afines que tendr\u00e1 lugar en Ja\u00e9n.","og_url":"https:\/\/autelec.es\/expoliva-2017\/","og_site_name":"Autelec","article_publisher":"https:\/\/www.facebook.com\/autelec.tecnologia.sl\/","article_published_time":"2022-11-24T09:19:33+00:00","og_image":[{"width":800,"height":600,"url":"https:\/\/autelec.es\/wp-content\/uploads\/2016\/09\/EXPOLIVA_2017.jpg","type":"image\/jpeg"}],"author":"Autelec","twitter_card":"summary_large_image","twitter_creator":"@autelec","twitter_site":"@autelec","twitter_misc":{"Written by":"Autelec"},"schema":{"@context":"https:\/\/schema.org","@graph":[{"@type":"Article","@id":"https:\/\/autelec.es\/expoliva-2017\/#article","isPartOf":{"@id":"https:\/\/autelec.es\/expoliva-2017\/"},"author":{"name":"Autelec","@id":"https:\/\/autelec.es\/#\/schema\/person\/383db1ae4c98d38da90f442f167db8f4"},"headline":"Expoliva 2017","datePublished":"2022-11-24T09:19:33+00:00","mainEntityOfPage":{"@id":"https:\/\/autelec.es\/expoliva-2017\/"},"wordCount":43,"image":{"@id":"https:\/\/autelec.es\/expoliva-2017\/#primaryimage"},"thumbnailUrl":"https:\/\/autelec.es\/wp-content\/uploads\/2016\/09\/EXPOLIVA_2017.jpg","keywords":["aceite","autelec","expoliva","feria aceite"],"articleSection":["Autelec News"],"inLanguage":"en-US"},{"@type":"WebPage","@id":"https:\/\/autelec.es\/expoliva-2017\/","url":"https:\/\/autelec.es\/expoliva-2017\/","name":"Expoliva 2017: Autelec presente en la pr\u00f3xima edici\u00f3n","isPartOf":{"@id":"https:\/\/autelec.es\/#website"},"primaryImageOfPage":{"@id":"https:\/\/autelec.es\/expoliva-2017\/#primaryimage"},"image":{"@id":"https:\/\/autelec.es\/expoliva-2017\/#primaryimage"},"thumbnailUrl":"https:\/\/autelec.es\/wp-content\/uploads\/2016\/09\/EXPOLIVA_2017.jpg","datePublished":"2022-11-24T09:19:33+00:00","author":{"@id":"https:\/\/autelec.es\/#\/schema\/person\/383db1ae4c98d38da90f442f167db8f4"},"description":"Expoliva 2017: Autelec estar\u00e1 presente en la XVIII Feria Internacional del Aceite de Oliva e Industrias Afines que tendr\u00e1 lugar en Ja\u00e9n.","breadcrumb":{"@id":"https:\/\/autelec.es\/expoliva-2017\/#breadcrumb"},"inLanguage":"en-US","potentialAction":[{"@type":"ReadAction","target":["https:\/\/autelec.es\/expoliva-2017\/"]}]},{"@type":"ImageObject","inLanguage":"en-US","@id":"https:\/\/autelec.es\/expoliva-2017\/#primaryimage","url":"https:\/\/autelec.es\/wp-content\/uploads\/2016\/09\/EXPOLIVA_2017.jpg","contentUrl":"https:\/\/autelec.es\/wp-content\/uploads\/2016\/09\/EXPOLIVA_2017.jpg","width":800,"height":600,"caption":"expoliva autelec aceite de oliva"},{"@type":"BreadcrumbList","@id":"https:\/\/autelec.es\/expoliva-2017\/#breadcrumb","itemListElement":[{"@type":"ListItem","position":1,"name":"Portada","item":"https:\/\/autelec.es\/"},{"@type":"ListItem","position":2,"name":"Expoliva 2017"}]},{"@type":"WebSite","@id":"https:\/\/autelec.es\/#website","url":"https:\/\/autelec.es\/","name":"Autelec","description":"Otro sitio realizado con WordPress","potentialAction":[{"@type":"SearchAction","target":{"@type":"EntryPoint","urlTemplate":"https:\/\/autelec.es\/?s={search_term_string}"},"query-input":{"@type":"PropertyValueSpecification","valueRequired":true,"valueName":"search_term_string"}}],"inLanguage":"en-US"},{"@type":"Person","@id":"https:\/\/autelec.es\/#\/schema\/person\/383db1ae4c98d38da90f442f167db8f4","name":"Autelec","url":"https:\/\/autelec.es\/en\/author\/wp_sp\/"}]}},"_links":{"self":[{"href":"https:\/\/autelec.es\/en\/wp-json\/wp\/v2\/posts\/1914","targetHints":{"allow":["GET"]}}],"collection":[{"href":"https:\/\/autelec.es\/en\/wp-json\/wp\/v2\/posts"}],"about":[{"href":"https:\/\/autelec.es\/en\/wp-json\/wp\/v2\/types\/post"}],"author":[{"embeddable":true,"href":"https:\/\/autelec.es\/en\/wp-json\/wp\/v2\/users\/1"}],"replies":[{"embeddable":true,"href":"https:\/\/autelec.es\/en\/wp-json\/wp\/v2\/comments?post=1914"}],"version-history":[{"count":0,"href":"https:\/\/autelec.es\/en\/wp-json\/wp\/v2\/posts\/1914\/revisions"}],"wp:featuredmedia":[{"embeddable":true,"href":"https:\/\/autelec.es\/en\/wp-json\/wp\/v2\/media\/541"}],"wp:attachment":[{"href":"https:\/\/autelec.es\/en\/wp-json\/wp\/v2\/media?parent=1914"}],"wp:term":[{"taxonomy":"category","embeddable":true,"href":"https:\/\/autelec.es\/en\/wp-json\/wp\/v2\/categories?post=1914"},{"taxonomy":"post_tag","embeddable":true,"href":"https:\/\/autelec.es\/en\/wp-json\/wp\/v2\/tags?post=1914"}],"curies":[{"name":"wp","href":"https:\/\/api.w.org\/{rel}","templated":true}]}}