{"id":1929,"date":"2022-11-24T10:08:44","date_gmt":"2022-11-24T10:08:44","guid":{"rendered":"https:\/\/autelec.es\/autelec-40-ans-dhistoire-dinnovation-et-de-qualite-au-service-de-lhuile-dolive\/"},"modified":"2022-11-24T10:08:45","modified_gmt":"2022-11-24T10:08:45","slug":"autelec-40-ans-dhistoire-dinnovation-et-de-qualite-au-service-de-lhuile-dolive","status":"publish","type":"post","link":"https:\/\/autelec.es\/fr\/autelec-40-ans-dhistoire-dinnovation-et-de-qualite-au-service-de-lhuile-dolive\/","title":{"rendered":"AUTELEC, 40 ans d&rsquo;histoire, d&rsquo;innovation et de qualit\u00e9 au service de l&rsquo;huile d&rsquo;olive"},"content":{"rendered":"[vc_row type=\u00a0\u00bbin_container\u00a0\u00bb full_screen_row_position=\u00a0\u00bbmiddle\u00a0\u00bb column_margin=\u00a0\u00bbdefault\u00a0\u00bb column_direction=\u00a0\u00bbdefault\u00a0\u00bb column_direction_tablet=\u00a0\u00bbdefault\u00a0\u00bb column_direction_phone=\u00a0\u00bbdefault\u00a0\u00bb scene_position=\u00a0\u00bbcenter\u00a0\u00bb text_color=\u00a0\u00bbdark\u00a0\u00bb text_align=\u00a0\u00bbleft\u00a0\u00bb row_border_radius=\u00a0\u00bbnone\u00a0\u00bb row_border_radius_applies=\u00a0\u00bbbg\u00a0\u00bb overflow=\u00a0\u00bbvisible\u00a0\u00bb overlay_strength=\u00a0\u00bb0.3&Prime; gradient_direction=\u00a0\u00bbleft_to_right\u00a0\u00bb shape_divider_position=\u00a0\u00bbbottom\u00a0\u00bb bg_image_animation=\u00a0\u00bbnone\u00a0\u00bb][vc_column column_padding=\u00a0\u00bbno-extra-padding\u00a0\u00bb column_padding_tablet=\u00a0\u00bbinherit\u00a0\u00bb column_padding_phone=\u00a0\u00bbinherit\u00a0\u00bb column_padding_position=\u00a0\u00bball\u00a0\u00bb column_element_spacing=\u00a0\u00bbdefault\u00a0\u00bb centered_text=\u00a0\u00bbtrue\u00a0\u00bb background_color_opacity=\u00a0\u00bb1&Prime; background_hover_color_opacity=\u00a0\u00bb1&Prime; column_shadow=\u00a0\u00bbnone\u00a0\u00bb column_border_radius=\u00a0\u00bbnone\u00a0\u00bb column_link_target=\u00a0\u00bb_self\u00a0\u00bb column_position=\u00a0\u00bbdefault\u00a0\u00bb advanced_gradient_angle=\u00a0\u00bb0&Prime; gradient_direction=\u00a0\u00bbleft_to_right\u00a0\u00bb overlay_strength=\u00a0\u00bb0.3&Prime; width=\u00a0\u00bb1\/1&Prime; tablet_width_inherit=\u00a0\u00bbdefault\u00a0\u00bb tablet_text_alignment=\u00a0\u00bbdefault\u00a0\u00bb phone_text_alignment=\u00a0\u00bbdefault\u00a0\u00bb animation_type=\u00a0\u00bbdefault\u00a0\u00bb bg_image_animation=\u00a0\u00bbnone\u00a0\u00bb border_type=\u00a0\u00bbsimple\u00a0\u00bb column_border_width=\u00a0\u00bbnone\u00a0\u00bb column_border_style=\u00a0\u00bbsolid\u00a0\u00bb gradient_type=\u00a0\u00bbdefault\u00a0\u00bb][vc_column_text]\n<p style=\"text-align: justifier;\"><strong>Avec un capital 100 % espagnol et son si\u00e8ge social dans la ville valencienne de La Pobla de Vallbona, AUTELEC Tecnolog\u00eda, S.L. est une soci\u00e9t\u00e9 d&rsquo;ing\u00e9nierie \u00e9lectronique d\u00e9di\u00e9e \u00e0 la conception et \u00e0 la fabrication d&rsquo;\u00e9quipements et de machines appliqu\u00e9s \u00e0 l&rsquo;industrie agroalimentaire et sp\u00e9cialis\u00e9e dans le secteur ol\u00e9icole, dans laquelle elle jouit d&rsquo;un prestige bien m\u00e9rit\u00e9 depuis 40 ans gr\u00e2ce \u00e0 la qualit\u00e9, l&rsquo;innovation et la fiabilit\u00e9 de son \u00e9quipement pour l&rsquo;huile d&rsquo;olive.<\/strong><\/p>\n[\/vc_column_text][divider line_type=\u00a0\u00bbNo Line\u00a0\u00bb custom_height=\u00a0\u00bb50&Prime;][vc_column_text]\n<div class=\"page\" title=\"Page 1\">\n<div class=\"layoutArea\">\n<div class=\"column\">\n<div class=\"page\" title=\"Page 1\">\n<div class=\"layoutArea\">\n<div class=\"column\">\n<p style=\"text-align: justifier;\">Les origines d&rsquo;AUTELEC remontent \u00e0 1979. A cette \u00e9poque, son activit\u00e9 principale \u00e9tait centr\u00e9e sur la conception et la fabrication d&rsquo;\u00e9quipements et de machines \u00e9lectroniques appliqu\u00e9s \u00e0 l&rsquo;industrie agro-alimentaire. Avec un syst\u00e8me informatique naissant et rudimentaire, l&rsquo;entreprise a \u00e9t\u00e9 pionni\u00e8re dans la conception et la fabrication d&rsquo;automatisation \u00e0 microprocesseur pour les fabricants du secteur des fruits et l\u00e9gumes, r\u00e9alisant des \u00e9quipements de pesage et de filet pour fruits et l\u00e9gumes, ainsi que des classificateurs de fruits en fonction de leur poids et Couleur. Il convient de noter que cette entreprise de La Pobla de Vallbona a \u00e9t\u00e9 l&rsquo;une des premi\u00e8res \u00e0 concevoir et fabriquer des \u00e9quipements avec du mat\u00e9riel et des logiciels 100% espagnols. \u00ab\u00a0A cette \u00e9poque, nous avions notre premier Motorola\u00a0\u00bb &#8211; se souvient son directeur, Vicente Carot, avec un sourire. \u00ab\u00a0C&rsquo;est vers 1989 que nous sommes pass\u00e9s d&rsquo;une soci\u00e9t\u00e9 d&rsquo;ing\u00e9nierie d\u00e9di\u00e9e \u00e0 la conception et \u00e0 la fabrication pour des tiers \u00e0 la cr\u00e9ation d&rsquo;une ligne de nos propres produits pour le march\u00e9 de l&rsquo;huile d&rsquo;olive, actuellement une r\u00e9f\u00e9rence dans le secteur\u00a0\u00bb. Tr\u00e8s proche du groupe \u00e9ditorial Mercacei au cours de ces 25 ann\u00e9es, pariant sur cette publication depuis sa cr\u00e9ation &#8211; \u00ab\u00a0pour notre diffusion, il \u00e9tait tr\u00e8s important de l&rsquo;avoir et le temps nous a donn\u00e9 raison, et aujourd&rsquo;hui notre collaboration avec Mercacei est devenue encore plus \u00e9troite si possible \u00bb, dit Carot-, en cette lointaine 1994 AUTELEC avait d\u00e9j\u00e0 parcouru un bon chemin, mais il fallait se faire conna\u00eetre dans un nouveau secteur pour l&rsquo;entreprise. Bien qu&rsquo;elle ait d\u00e9j\u00e0 fabriqu\u00e9 et install\u00e9 plus de 100 unit\u00e9s de dosage MG-707, \u00ab le dynamisme de Mercacei a \u00e9t\u00e9 et a \u00e9t\u00e9 d&rsquo;une grande aide pour atteindre les 1 200 que nous avons actuellement distribu\u00e9s dans le monde \u00bb.<\/p >\n<p style=\"text-align: justifier;\">Cet \u00e9quipement de mesure enti\u00e8rement con\u00e7u et fabriqu\u00e9 par AUTELEC s&rsquo;est renouvel\u00e9 au fil des ann\u00e9es, devenant une r\u00e9f\u00e9rence en mati\u00e8re de pr\u00e9cision dans le domaine de l&rsquo;analytique. Bien que son apparence ext\u00e9rieure soit tr\u00e8s similaire, la technologie utilis\u00e9e par l&rsquo;entreprise a \u00e9t\u00e9 mise \u00e0 jour, restant fid\u00e8le \u00e0 l&rsquo;un de ses principes inali\u00e9nables : s&rsquo;assurer que ses \u00e9quipements ne perdent pas en pr\u00e9cision avec le temps &#8211; dans ce cas, plus de 30 ans &#8211; , ce qui est le but pour lequel ils ont \u00e9t\u00e9 cr\u00e9\u00e9s, dit Carot. \u00ab Loin de se lancer dans des batailles st\u00e9riles pour savoir si votre vitesse est \u00e9lev\u00e9e ou faible, la mission de chaque \u00e9quipe de mesure est pr\u00e9cis\u00e9ment de mesurer, pas de gagner des courses ; Soyez fiable et r\u00e9p\u00e9table dans vos r\u00e9sultats.\u00a0\u00bb<\/p>\n<div class=\"page\" title=\"Page 2\">\n<div class=\"layoutArea\">\n<div class=\"column\">\n<div class=\"page\" title=\"Page 3\">\n<div class=\"layoutArea\">\n<div class=\"page\" title=\"Page 3\">\n<div class=\"layoutArea\">\n<div class=\"column\">\n<h3 style=\"text-align: center;\"><strong>Adieu aux \u00e9quipements obsol\u00e8tes<\/strong><\/h3>\n<p>&nbsp;<\/p>\n<\/div>\n<div class=\"page\" title=\"Page 3\">\n<div class=\"layoutArea\">\n<div class=\"column\">\n<p style=\"text-align: justifier;\">Dans le m\u00eame temps, au cours de ces ann\u00e9es, l&rsquo;entreprise disposait d\u00e9j\u00e0 de plus de 200 machines d&#8217;emballage en fonctionnement dans toute l&rsquo;Espagne avec son premier mod\u00e8le DL-290, qui est devenu le DL-294Plus moderne. qu&rsquo;elle commercialise aujourd&rsquo;hui, avec plus de 2 500 unit\u00e9s vendues sur tout le territoire national. Tous en fonctionnement, du premier avec plus de 30 ans au dernier, offrant pr\u00e9cision et fiabilit\u00e9 -adieu les \u00e9quipements obsol\u00e8tes- ce qui est sans aucun doute l&rsquo;une des caract\u00e9ristiques qui d\u00e9finit le mieux les machines fabriqu\u00e9es par AUTELEC. les valeurs de la marque.<br \/>\n\u00ab Pour les travailleurs d&rsquo;AUTELEC, nos machines sont comme des enfants, chacune avec sa personnalit\u00e9, chaque num\u00e9ro est comme son nom, nous n&rsquo;en laissons jamais aucune de c\u00f4t\u00e9 ; tous ont leur entretien garanti, du premier au dernier, tous ont le droit de continuer \u00e0 travailler, de ne pas \u00eatre s\u00e9par\u00e9s faute de pi\u00e8ces ou d&rsquo;entretien. En effet, il est tr\u00e8s fr\u00e9quent que les anciens partagent un logement avec les nouveaux, car leurs propri\u00e9taires h\u00e9sitent \u00e0 s&rsquo;en d\u00e9barrasser, car ils continuent \u00e0 faire leurs valises et trouvent toujours leur place \u00bb, affirme le dirigeant de l&rsquo;entreprise. qualifi\u00e9 dont le seul objectif est de r\u00e9soudre tout doute ou incident pouvant survenir en relation avec l&rsquo;\u00e9quipement.<br \/>\nEn parlant d&rsquo;amis et de collaborateurs, Carot est \u00e9mu de se souvenir de l&rsquo;un d&rsquo;entre eux. \u00ab Je voudrais faire une mention sp\u00e9ciale \u00e0 Don Antonio Jos\u00e9 Rodrigues, qui nous a quitt\u00e9s il y a quelques ann\u00e9es. Ce fut une grande perte pour ce secteur et un bon ami dont nous nous souviendrons toujours avec \u00e9motion.\u00bb Tous les personnels d&rsquo;AUTELEC connaissent parfaitement chacune des fonctions exerc\u00e9es par l&rsquo;entreprise, ce qui leur permet \u00e0 certains moments de faire face \u00e0 tous les moyens disponibles. une t\u00e2che sp\u00e9cifique qui n\u00e9cessite une solution imm\u00e9diate. Une \u00e9quipe humaine qui a aussi vari\u00e9 dans le temps. \u201cUnos se han jubilado, otros han entrado y otros han salido, pero to- dos han dejado su huella y aportado lo mejor de s\u00ed mismos para crear y perfec- cionar nuestros equipos, para que nues- tros productos sigan siendo referentes de calidad y bonne performance; une partie de chacun d&rsquo;entre eux vit dans nos machines, ing\u00e9nieurs, techniciens, administrateurs, commerciaux&#8230; Notre entreprise est synonyme de bon service client, comme en t\u00e9moigne le fait que beaucoup sont d\u00e9j\u00e0 amis apr\u00e8s tant d&rsquo;ann\u00e9es \u00bb, d\u00e9clare Vincent Carotte. En effet, l&rsquo;entreprise se vante d&rsquo;offrir le meilleur service technique et des conseils professionnels au secteur de l&rsquo;huile d&rsquo;olive et de l&rsquo;olive, disposant d&rsquo;un service t\u00e9l\u00e9phonique gratuit compos\u00e9 de techniciens qualifi\u00e9s dont le seul objectif est de r\u00e9soudre tout doute ou incident pouvant survenir en relation avec les \u00e9quipes. En parlant d&rsquo;amis et de collaborateurs, Carot est \u00e9mu de se souvenir de l&rsquo;un d&rsquo;entre eux. \u00ab Je voudrais faire une mention sp\u00e9ciale \u00e0 Don Antonio Jos\u00e9 Rodrigues, qui nous a quitt\u00e9s il y a quelques ann\u00e9es. Ce fut une grande perte pour cette industrie et un bon ami dont nous nous souviendrons toujours avec \u00e9motion.\u00a0\u00bb<\/p>\n<h3 style=\"text-align: center;\"><strong>Adieu aux \u00e9quipements obsol\u00e8tes<\/strong><\/h3>\n<p style=\"text-align: justifier;\">Le si\u00e8ge d&rsquo;AUTELEC a \u00e9galement subi plusieurs d\u00e9m\u00e9nagements au cours de cette p\u00e9riode : ce premier emplacement au num\u00e9ro 12 Calle San Sebasti\u00e1n de Alfafar est d\u00e9j\u00e0 loin, en passant par le maire Jos\u00e9 Puertes, pour atteindre le si\u00e8ge actuel au num\u00e9ro 4 de la rue Praga \u00e0 La Pobla de Vallbona. Cela oui, toujours \u00e0 Valence, terre de riz, d&rsquo;oranges et d&rsquo;horchata, \u00ab\u00a0mais aussi de moulins et de bonnes huiles d&rsquo;olive\u00a0\u00bb, rappelle Carot. Actuellement, AUTELEC Technology est pr\u00e9sent dans 18 pays : Espagne, Portugal, France, Maroc, Italie, Argentine, Chili, Jordanie, Colombie, Egypte, Mexique, Tunisie, Turquie, USA, Chine, Nouvelle-Z\u00e9lande, Inde et Australie. Avec pr\u00e8s de 4 000 \u00e9quipements et pr\u00e8s de 2 000 clients, l&rsquo;entreprise continue d&rsquo;avancer en restant toujours dans l&rsquo;ombre discr\u00e8te, \u00ab\u00a0car tout n&rsquo;est pas sur les photos et aller \u00e0 des \u00e9v\u00e9nements ou recevoir des prix\u00a0\u00bb, affirme son dirigeant, qui conclut en assurant que \u00ab Pour nous, le plus important est que nos clients soient satisfaits et que le mat\u00e9riel fonctionne correctement, telle est notre philosophie. Tout le reste ne fait pas partie de nos priorit\u00e9s, m\u00eame si nous ne cessons d&rsquo;\u00eatre fiers de notre travail, guid\u00e9s par une \u00e9thique qui aujourd&rsquo;hui brille par son absence et dans un environnement o\u00f9 seule l&rsquo;image est recherch\u00e9e, mais vide, sans contenu&#8230; Nous , pour notre part, continuera d&rsquo;apporter des solutions et de bons conseils \u00e0 nos clients et amis\u201d<\/p>\n<\/div>\n<\/div>\n<\/div>\n<\/div>\n<\/div>\n<\/div>\n<\/div>\n<\/div>\n<\/div>\n<\/div>\n<\/div>\n<\/div>\n<\/div>\n<\/div>\n<\/div>\n<\/div>\n[\/vc_column_text][divider line_type=\u00a0\u00bbNo Line\u00a0\u00bb custom_height=\u00a0\u00bb50&Prime;][nectar_btn size=\u00a0\u00bblarge\u00a0\u00bb button_style=\u00a0\u00bbregular\u00a0\u00bb button_color_2=\u00a0\u00bbAccent-Color\u00a0\u00bb icon_family=\u00a0\u00bbnone\u00a0\u00bb text=\u00a0\u00bb VOIR PDF\u00a0\u00bb url=\u00a0\u00bbhttps:\/\/autelec.es\/wp-content\/uploads\/2022\/10\/MERCACEI-MAGAZINE-no100-Julio-Octubre-2019.pdf\u00a0\u00bb][\/vc_column][\/vc_row]\n","protected":false},"excerpt":{"rendered":"<p>[vc_row type=\u00a0\u00bbin_container\u00a0\u00bb full_screen_row_position=\u00a0\u00bbmiddle\u00a0\u00bb column_margin=\u00a0\u00bbdefault\u00a0\u00bb column_direction=\u00a0\u00bbdefault\u00a0\u00bb column_direction_tablet=\u00a0\u00bbdefault\u00a0\u00bb column_direction_phone=\u00a0\u00bbdefault\u00a0\u00bb scene_position=\u00a0\u00bbcenter\u00a0\u00bb text_color=\u00a0\u00bbdark\u00a0\u00bb text_align=\u00a0\u00bbleft\u00a0\u00bb row_border_radius=\u00a0\u00bbnone\u00a0\u00bb row_border_radius_applies=\u00a0\u00bbbg\u00a0\u00bb overflow=\u00a0\u00bbvisible\u00a0\u00bb overlay_strength=\u00a0\u00bb0.3&Prime; gradient_direction=\u00a0\u00bbleft_to_right\u00a0\u00bb shape_divider_position=\u00a0\u00bbbottom\u00a0\u00bb bg_image_animation=\u00a0\u00bbnone\u00a0\u00bb][vc_column column_padding=\u00a0\u00bbno-extra-padding\u00a0\u00bb column_padding_tablet=\u00a0\u00bbinherit\u00a0\u00bb column_padding_phone=\u00a0\u00bbinherit\u00a0\u00bb column_padding_position=\u00a0\u00bball\u00a0\u00bb column_element_spacing=\u00a0\u00bbdefault\u00a0\u00bb centered_text=\u00a0\u00bbtrue\u00a0\u00bb background_color_opacity=\u00a0\u00bb1&Prime; background_hover_color_opacity=\u00a0\u00bb1&Prime; column_shadow=\u00a0\u00bbnone\u00a0\u00bb column_border_radius=\u00a0\u00bbnone\u00a0\u00bb column_link_target=\u00a0\u00bb_self\u00a0\u00bb column_position=\u00a0\u00bbdefault\u00a0\u00bb advanced_gradient_angle=\u00a0\u00bb0&Prime;&#8230;<\/p>\n","protected":false},"author":1,"featured_media":1851,"comment_status":"open","ping_status":"open","sticky":false,"template":"","format":"standard","meta":{"_exactmetrics_skip_tracking":false,"_exactmetrics_sitenote_active":false,"_exactmetrics_sitenote_note":"","_exactmetrics_sitenote_category":0,"footnotes":""},"categories":[70],"tags":[],"class_list":{"0":"post-1929","1":"post","2":"type-post","3":"status-publish","4":"format-standard","5":"has-post-thumbnail","7":"category-actualites-autelec"},"yoast_head":"<!-- This site is optimized with the Yoast SEO plugin v26.9 - https:\/\/yoast.com\/product\/yoast-seo-wordpress\/ -->\n<title>AUTELEC, 40 ans d&#039;histoire, d&#039;innovation et de qualit\u00e9 au service de l&#039;huile d&#039;olive &#187; Autelec<\/title>\n<meta name=\"description\" content=\"Maquinarias aceite de oliva\" \/>\n<meta name=\"robots\" content=\"index, follow, max-snippet:-1, max-image-preview:large, max-video-preview:-1\" \/>\n<link rel=\"canonical\" href=\"https:\/\/autelec.es\/autelec-40-anos-de-historia-innovacion-y-calidad-al-servicio-del-aceite-de-oliva\/\" \/>\n<meta property=\"og:locale\" content=\"fr_FR\" \/>\n<meta property=\"og:type\" content=\"article\" \/>\n<meta property=\"og:title\" content=\"AUTELEC, 40 ans d&#039;histoire, d&#039;innovation et de qualit\u00e9 au service de l&#039;huile d&#039;olive &#187; Autelec\" \/>\n<meta property=\"og:description\" content=\"Maquinarias aceite de oliva\" \/>\n<meta property=\"og:url\" content=\"https:\/\/autelec.es\/autelec-40-anos-de-historia-innovacion-y-calidad-al-servicio-del-aceite-de-oliva\/\" \/>\n<meta property=\"og:site_name\" content=\"Autelec\" \/>\n<meta property=\"article:publisher\" content=\"https:\/\/www.facebook.com\/autelec.tecnologia.sl\/\" \/>\n<meta property=\"article:published_time\" content=\"2022-11-24T10:08:44+00:00\" \/>\n<meta property=\"article:modified_time\" content=\"2022-11-24T10:08:45+00:00\" \/>\n<meta property=\"og:image\" content=\"https:\/\/autelec.es\/wp-content\/uploads\/2022\/10\/autelec-4.jpg\" \/>\n\t<meta property=\"og:image:width\" content=\"899\" \/>\n\t<meta property=\"og:image:height\" content=\"436\" \/>\n\t<meta property=\"og:image:type\" content=\"image\/jpeg\" \/>\n<meta name=\"author\" content=\"Autelec\" \/>\n<meta name=\"twitter:card\" content=\"summary_large_image\" \/>\n<meta name=\"twitter:creator\" content=\"@autelec\" \/>\n<meta name=\"twitter:site\" content=\"@autelec\" \/>\n<meta name=\"twitter:label1\" content=\"\u00c9crit par\" \/>\n\t<meta name=\"twitter:data1\" content=\"Autelec\" \/>\n\t<meta name=\"twitter:label2\" content=\"Dur\u00e9e de lecture estim\u00e9e\" \/>\n\t<meta name=\"twitter:data2\" content=\"7 minutes\" \/>\n<script type=\"application\/ld+json\" class=\"yoast-schema-graph\">{\"@context\":\"https:\/\/schema.org\",\"@graph\":[{\"@type\":\"Article\",\"@id\":\"https:\/\/autelec.es\/autelec-40-anos-de-historia-innovacion-y-calidad-al-servicio-del-aceite-de-oliva\/#article\",\"isPartOf\":{\"@id\":\"https:\/\/autelec.es\/autelec-40-anos-de-historia-innovacion-y-calidad-al-servicio-del-aceite-de-oliva\/\"},\"author\":{\"name\":\"Autelec\",\"@id\":\"https:\/\/autelec.es\/#\/schema\/person\/383db1ae4c98d38da90f442f167db8f4\"},\"headline\":\"AUTELEC, 40 ans d&rsquo;histoire, d&rsquo;innovation et de qualit\u00e9 au service de l&rsquo;huile d&rsquo;olive\",\"datePublished\":\"2022-11-24T10:08:44+00:00\",\"dateModified\":\"2022-11-24T10:08:45+00:00\",\"mainEntityOfPage\":{\"@id\":\"https:\/\/autelec.es\/autelec-40-anos-de-historia-innovacion-y-calidad-al-servicio-del-aceite-de-oliva\/\"},\"wordCount\":1580,\"commentCount\":0,\"image\":{\"@id\":\"https:\/\/autelec.es\/autelec-40-anos-de-historia-innovacion-y-calidad-al-servicio-del-aceite-de-oliva\/#primaryimage\"},\"thumbnailUrl\":\"https:\/\/autelec.es\/wp-content\/uploads\/2022\/10\/autelec-4.jpg\",\"articleSection\":[\"Actualit\u00e9s Autelec\"],\"inLanguage\":\"fr-FR\",\"potentialAction\":[{\"@type\":\"CommentAction\",\"name\":\"Comment\",\"target\":[\"https:\/\/autelec.es\/autelec-40-anos-de-historia-innovacion-y-calidad-al-servicio-del-aceite-de-oliva\/#respond\"]}]},{\"@type\":\"WebPage\",\"@id\":\"https:\/\/autelec.es\/autelec-40-anos-de-historia-innovacion-y-calidad-al-servicio-del-aceite-de-oliva\/\",\"url\":\"https:\/\/autelec.es\/autelec-40-anos-de-historia-innovacion-y-calidad-al-servicio-del-aceite-de-oliva\/\",\"name\":\"AUTELEC, 40 ans d'histoire, d'innovation et de qualit\u00e9 au service de l'huile d'olive &#187; Autelec\",\"isPartOf\":{\"@id\":\"https:\/\/autelec.es\/#website\"},\"primaryImageOfPage\":{\"@id\":\"https:\/\/autelec.es\/autelec-40-anos-de-historia-innovacion-y-calidad-al-servicio-del-aceite-de-oliva\/#primaryimage\"},\"image\":{\"@id\":\"https:\/\/autelec.es\/autelec-40-anos-de-historia-innovacion-y-calidad-al-servicio-del-aceite-de-oliva\/#primaryimage\"},\"thumbnailUrl\":\"https:\/\/autelec.es\/wp-content\/uploads\/2022\/10\/autelec-4.jpg\",\"datePublished\":\"2022-11-24T10:08:44+00:00\",\"dateModified\":\"2022-11-24T10:08:45+00:00\",\"author\":{\"@id\":\"https:\/\/autelec.es\/#\/schema\/person\/383db1ae4c98d38da90f442f167db8f4\"},\"description\":\"Maquinarias aceite de oliva\",\"breadcrumb\":{\"@id\":\"https:\/\/autelec.es\/autelec-40-anos-de-historia-innovacion-y-calidad-al-servicio-del-aceite-de-oliva\/#breadcrumb\"},\"inLanguage\":\"fr-FR\",\"potentialAction\":[{\"@type\":\"ReadAction\",\"target\":[\"https:\/\/autelec.es\/autelec-40-anos-de-historia-innovacion-y-calidad-al-servicio-del-aceite-de-oliva\/\"]}]},{\"@type\":\"ImageObject\",\"inLanguage\":\"fr-FR\",\"@id\":\"https:\/\/autelec.es\/autelec-40-anos-de-historia-innovacion-y-calidad-al-servicio-del-aceite-de-oliva\/#primaryimage\",\"url\":\"https:\/\/autelec.es\/wp-content\/uploads\/2022\/10\/autelec-4.jpg\",\"contentUrl\":\"https:\/\/autelec.es\/wp-content\/uploads\/2022\/10\/autelec-4.jpg\",\"width\":899,\"height\":436},{\"@type\":\"BreadcrumbList\",\"@id\":\"https:\/\/autelec.es\/autelec-40-anos-de-historia-innovacion-y-calidad-al-servicio-del-aceite-de-oliva\/#breadcrumb\",\"itemListElement\":[{\"@type\":\"ListItem\",\"position\":1,\"name\":\"Portada\",\"item\":\"https:\/\/autelec.es\/\"},{\"@type\":\"ListItem\",\"position\":2,\"name\":\"AUTELEC, 40 ans d&rsquo;histoire, d&rsquo;innovation et de qualit\u00e9 au service de l&rsquo;huile d&rsquo;olive\"}]},{\"@type\":\"WebSite\",\"@id\":\"https:\/\/autelec.es\/#website\",\"url\":\"https:\/\/autelec.es\/\",\"name\":\"Autelec\",\"description\":\"Otro sitio realizado con WordPress\",\"potentialAction\":[{\"@type\":\"SearchAction\",\"target\":{\"@type\":\"EntryPoint\",\"urlTemplate\":\"https:\/\/autelec.es\/?s={search_term_string}\"},\"query-input\":{\"@type\":\"PropertyValueSpecification\",\"valueRequired\":true,\"valueName\":\"search_term_string\"}}],\"inLanguage\":\"fr-FR\"},{\"@type\":\"Person\",\"@id\":\"https:\/\/autelec.es\/#\/schema\/person\/383db1ae4c98d38da90f442f167db8f4\",\"name\":\"Autelec\",\"url\":\"https:\/\/autelec.es\/fr\/author\/wp_sp\/\"}]}<\/script>\n<!-- \/ Yoast SEO plugin. -->","yoast_head_json":{"title":"AUTELEC, 40 ans d'histoire, d'innovation et de qualit\u00e9 au service de l'huile d'olive &#187; Autelec","description":"Maquinarias aceite de oliva","robots":{"index":"index","follow":"follow","max-snippet":"max-snippet:-1","max-image-preview":"max-image-preview:large","max-video-preview":"max-video-preview:-1"},"canonical":"https:\/\/autelec.es\/autelec-40-anos-de-historia-innovacion-y-calidad-al-servicio-del-aceite-de-oliva\/","og_locale":"fr_FR","og_type":"article","og_title":"AUTELEC, 40 ans d'histoire, d'innovation et de qualit\u00e9 au service de l'huile d'olive &#187; Autelec","og_description":"Maquinarias aceite de oliva","og_url":"https:\/\/autelec.es\/autelec-40-anos-de-historia-innovacion-y-calidad-al-servicio-del-aceite-de-oliva\/","og_site_name":"Autelec","article_publisher":"https:\/\/www.facebook.com\/autelec.tecnologia.sl\/","article_published_time":"2022-11-24T10:08:44+00:00","article_modified_time":"2022-11-24T10:08:45+00:00","og_image":[{"width":899,"height":436,"url":"https:\/\/autelec.es\/wp-content\/uploads\/2022\/10\/autelec-4.jpg","type":"image\/jpeg"}],"author":"Autelec","twitter_card":"summary_large_image","twitter_creator":"@autelec","twitter_site":"@autelec","twitter_misc":{"\u00c9crit par":"Autelec","Dur\u00e9e de lecture estim\u00e9e":"7 minutes"},"schema":{"@context":"https:\/\/schema.org","@graph":[{"@type":"Article","@id":"https:\/\/autelec.es\/autelec-40-anos-de-historia-innovacion-y-calidad-al-servicio-del-aceite-de-oliva\/#article","isPartOf":{"@id":"https:\/\/autelec.es\/autelec-40-anos-de-historia-innovacion-y-calidad-al-servicio-del-aceite-de-oliva\/"},"author":{"name":"Autelec","@id":"https:\/\/autelec.es\/#\/schema\/person\/383db1ae4c98d38da90f442f167db8f4"},"headline":"AUTELEC, 40 ans d&rsquo;histoire, d&rsquo;innovation et de qualit\u00e9 au service de l&rsquo;huile d&rsquo;olive","datePublished":"2022-11-24T10:08:44+00:00","dateModified":"2022-11-24T10:08:45+00:00","mainEntityOfPage":{"@id":"https:\/\/autelec.es\/autelec-40-anos-de-historia-innovacion-y-calidad-al-servicio-del-aceite-de-oliva\/"},"wordCount":1580,"commentCount":0,"image":{"@id":"https:\/\/autelec.es\/autelec-40-anos-de-historia-innovacion-y-calidad-al-servicio-del-aceite-de-oliva\/#primaryimage"},"thumbnailUrl":"https:\/\/autelec.es\/wp-content\/uploads\/2022\/10\/autelec-4.jpg","articleSection":["Actualit\u00e9s Autelec"],"inLanguage":"fr-FR","potentialAction":[{"@type":"CommentAction","name":"Comment","target":["https:\/\/autelec.es\/autelec-40-anos-de-historia-innovacion-y-calidad-al-servicio-del-aceite-de-oliva\/#respond"]}]},{"@type":"WebPage","@id":"https:\/\/autelec.es\/autelec-40-anos-de-historia-innovacion-y-calidad-al-servicio-del-aceite-de-oliva\/","url":"https:\/\/autelec.es\/autelec-40-anos-de-historia-innovacion-y-calidad-al-servicio-del-aceite-de-oliva\/","name":"AUTELEC, 40 ans d'histoire, d'innovation et de qualit\u00e9 au service de l'huile d'olive &#187; Autelec","isPartOf":{"@id":"https:\/\/autelec.es\/#website"},"primaryImageOfPage":{"@id":"https:\/\/autelec.es\/autelec-40-anos-de-historia-innovacion-y-calidad-al-servicio-del-aceite-de-oliva\/#primaryimage"},"image":{"@id":"https:\/\/autelec.es\/autelec-40-anos-de-historia-innovacion-y-calidad-al-servicio-del-aceite-de-oliva\/#primaryimage"},"thumbnailUrl":"https:\/\/autelec.es\/wp-content\/uploads\/2022\/10\/autelec-4.jpg","datePublished":"2022-11-24T10:08:44+00:00","dateModified":"2022-11-24T10:08:45+00:00","author":{"@id":"https:\/\/autelec.es\/#\/schema\/person\/383db1ae4c98d38da90f442f167db8f4"},"description":"Maquinarias aceite de oliva","breadcrumb":{"@id":"https:\/\/autelec.es\/autelec-40-anos-de-historia-innovacion-y-calidad-al-servicio-del-aceite-de-oliva\/#breadcrumb"},"inLanguage":"fr-FR","potentialAction":[{"@type":"ReadAction","target":["https:\/\/autelec.es\/autelec-40-anos-de-historia-innovacion-y-calidad-al-servicio-del-aceite-de-oliva\/"]}]},{"@type":"ImageObject","inLanguage":"fr-FR","@id":"https:\/\/autelec.es\/autelec-40-anos-de-historia-innovacion-y-calidad-al-servicio-del-aceite-de-oliva\/#primaryimage","url":"https:\/\/autelec.es\/wp-content\/uploads\/2022\/10\/autelec-4.jpg","contentUrl":"https:\/\/autelec.es\/wp-content\/uploads\/2022\/10\/autelec-4.jpg","width":899,"height":436},{"@type":"BreadcrumbList","@id":"https:\/\/autelec.es\/autelec-40-anos-de-historia-innovacion-y-calidad-al-servicio-del-aceite-de-oliva\/#breadcrumb","itemListElement":[{"@type":"ListItem","position":1,"name":"Portada","item":"https:\/\/autelec.es\/"},{"@type":"ListItem","position":2,"name":"AUTELEC, 40 ans d&rsquo;histoire, d&rsquo;innovation et de qualit\u00e9 au service de l&rsquo;huile d&rsquo;olive"}]},{"@type":"WebSite","@id":"https:\/\/autelec.es\/#website","url":"https:\/\/autelec.es\/","name":"Autelec","description":"Otro sitio realizado con WordPress","potentialAction":[{"@type":"SearchAction","target":{"@type":"EntryPoint","urlTemplate":"https:\/\/autelec.es\/?s={search_term_string}"},"query-input":{"@type":"PropertyValueSpecification","valueRequired":true,"valueName":"search_term_string"}}],"inLanguage":"fr-FR"},{"@type":"Person","@id":"https:\/\/autelec.es\/#\/schema\/person\/383db1ae4c98d38da90f442f167db8f4","name":"Autelec","url":"https:\/\/autelec.es\/fr\/author\/wp_sp\/"}]}},"_links":{"self":[{"href":"https:\/\/autelec.es\/fr\/wp-json\/wp\/v2\/posts\/1929","targetHints":{"allow":["GET"]}}],"collection":[{"href":"https:\/\/autelec.es\/fr\/wp-json\/wp\/v2\/posts"}],"about":[{"href":"https:\/\/autelec.es\/fr\/wp-json\/wp\/v2\/types\/post"}],"author":[{"embeddable":true,"href":"https:\/\/autelec.es\/fr\/wp-json\/wp\/v2\/users\/1"}],"replies":[{"embeddable":true,"href":"https:\/\/autelec.es\/fr\/wp-json\/wp\/v2\/comments?post=1929"}],"version-history":[{"count":2,"href":"https:\/\/autelec.es\/fr\/wp-json\/wp\/v2\/posts\/1929\/revisions"}],"predecessor-version":[{"id":1931,"href":"https:\/\/autelec.es\/fr\/wp-json\/wp\/v2\/posts\/1929\/revisions\/1931"}],"wp:featuredmedia":[{"embeddable":true,"href":"https:\/\/autelec.es\/fr\/wp-json\/wp\/v2\/media\/1851"}],"wp:attachment":[{"href":"https:\/\/autelec.es\/fr\/wp-json\/wp\/v2\/media?parent=1929"}],"wp:term":[{"taxonomy":"category","embeddable":true,"href":"https:\/\/autelec.es\/fr\/wp-json\/wp\/v2\/categories?post=1929"},{"taxonomy":"post_tag","embeddable":true,"href":"https:\/\/autelec.es\/fr\/wp-json\/wp\/v2\/tags?post=1929"}],"curies":[{"name":"wp","href":"https:\/\/api.w.org\/{rel}","templated":true}]}}