{"id":2054,"date":"2023-11-02T11:56:26","date_gmt":"2023-11-02T11:56:26","guid":{"rendered":"https:\/\/autelec.es\/technologie-autelec-efficacite-ecologie-durabilite-et-economies\/"},"modified":"2023-11-02T11:56:27","modified_gmt":"2023-11-02T11:56:27","slug":"technologie-autelec-efficacite-ecologie-durabilite-et-economies","status":"publish","type":"post","link":"https:\/\/autelec.es\/fr\/technologie-autelec-efficacite-ecologie-durabilite-et-economies\/","title":{"rendered":"Technologie AUTELEC : efficacit\u00e9, \u00e9cologie, durabilit\u00e9 et \u00e9conomies"},"content":{"rendered":"[vc_row type=\u00a0\u00bbin_container\u00a0\u00bb full_screen_row_position=\u00a0\u00bbmiddle\u00a0\u00bb column_margin=\u00a0\u00bbdefault\u00a0\u00bb column_direction=\u00a0\u00bbdefault\u00a0\u00bb column_direction_tablet=\u00a0\u00bbdefault\u00a0\u00bb column_direction_phone=\u00a0\u00bbdefault\u00a0\u00bb scene_position=\u00a0\u00bbcenter\u00a0\u00bb text_color=\u00a0\u00bbdark\u00a0\u00bb text_align=\u00a0\u00bbleft\u00a0\u00bb row_border_radius=\u00a0\u00bbnone\u00a0\u00bb row_border_radius_applies=\u00a0\u00bbbg\u00a0\u00bb overflow=\u00a0\u00bbvisible\u00a0\u00bb overlay_strength=\u00a0\u00bb0.3&Prime; gradient_direction=\u00a0\u00bbleft_to_right\u00a0\u00bb shape_divider_position=\u00a0\u00bbbottom\u00a0\u00bb bg_image_animation=\u00a0\u00bbnone\u00a0\u00bb][vc_column column_padding=\u00a0\u00bbno-extra-padding\u00a0\u00bb column_padding_tablet=\u00a0\u00bbinherit\u00a0\u00bb column_padding_phone=\u00a0\u00bbinherit\u00a0\u00bb column_padding_position=\u00a0\u00bball\u00a0\u00bb column_element_spacing=\u00a0\u00bbdefault\u00a0\u00bb centered_text=\u00a0\u00bbtrue\u00a0\u00bb background_color_opacity=\u00a0\u00bb1&Prime; background_hover_color_opacity=\u00a0\u00bb1&Prime; column_shadow=\u00a0\u00bbnone\u00a0\u00bb column_border_radius=\u00a0\u00bbnone\u00a0\u00bb column_link_target=\u00a0\u00bb_self\u00a0\u00bb column_position=\u00a0\u00bbdefault\u00a0\u00bb advanced_gradient_angle=\u00a0\u00bb0&Prime; gradient_direction=\u00a0\u00bbleft_to_right\u00a0\u00bb overlay_strength=\u00a0\u00bb0.3&Prime; width=\u00a0\u00bb1\/1&Prime; tablet_width_inherit=\u00a0\u00bbdefault\u00a0\u00bb tablet_text_alignment=\u00a0\u00bbdefault\u00a0\u00bb phone_text_alignment=\u00a0\u00bbdefault\u00a0\u00bb animation_type=\u00a0\u00bbdefault\u00a0\u00bb bg_image_animation=\u00a0\u00bbnone\u00a0\u00bb border_type=\u00a0\u00bbsimple\u00a0\u00bb column_border_width=\u00a0\u00bbnone\u00a0\u00bb column_border_style=\u00a0\u00bbsolid\u00a0\u00bb gradient_type=\u00a0\u00bbdefault\u00a0\u00bb][vc_column_text]\n<p style=\"text-align: justify;\"><strong>Pour une autre \u00e9dition, AUTELEC Tecnolog\u00eda participera au Salon international de l&rsquo;huile d&rsquo;olive et des industries connexes avec son propre stand pour pr\u00e9senter ses \u00e9quipements de conditionnement et ses solutions d&rsquo;ing\u00e9nierie \u00e9lectronique au service du secteur de l&rsquo;huile d&rsquo;olive. Dans sa volont\u00e9 d&rsquo;am\u00e9liorer ses \u00e9quipements, suite \u00e0 sa ligne de fabrication de produits robustes et durables qui se distinguent \u00e9galement par leur efficacit\u00e9 \u00e9nerg\u00e9tique, l&rsquo;entreprise valencienne pr\u00e9sentera sa nouvelle machine d&#8217;emballage, le mod\u00e8le DL-295, \u00e0 Expoliva 2023.<\/strong><\/p>\n[\/vc_column_text][divider line_type=\u00a0\u00bbNo Line\u00a0\u00bb custom_height=\u00a0\u00bb50&Prime;][vc_column_text]\n<div class=\"page\" title=\"Page 1\">\n<div class=\"layoutArea\">\n<div class=\"column\">\n<div class=\"page\" title=\"Page 1\">\n<div class=\"layoutArea\">\n<div class=\"column\">\n<p style=\"text-align: justify;\">Avec 44 ans de pr\u00e9sence sur le march\u00e9, AUTELEC Tecnolog\u00eda est une entreprise d&rsquo;ing\u00e9nierie \u00e9lectronique d\u00e9di\u00e9e \u00e0 la conception et \u00e0 la fabrication d&rsquo;\u00e9quipements et de machines appliqu\u00e9s \u00e0 l&rsquo;industrie agroalimentaire et sp\u00e9cialis\u00e9e dans le secteur de l&rsquo;huile d&rsquo;olive qui jouit d&rsquo;un prestige bien m\u00e9rit\u00e9 gr\u00e2ce \u00e0 la qualit\u00e9. , l&rsquo;innovation et la fiabilit\u00e9 de ses \u00e9quipements, con\u00e7us pour durer dans le temps. En 2023, l&rsquo;entreprise valencienne f\u00eate le dixi\u00e8me anniversaire de son d\u00e9m\u00e9nagement dans son si\u00e8ge actuel, dans la ville de La Pobla de Vallbona. Une nouvelle \u00e9tape marqu\u00e9e par le changement de g\u00e9n\u00e9ration et une croissance soutenue, sans perdre de vue ses principales caract\u00e9ristiques et en gardant toujours un contact \u00e9troit avec les nombreux clients qui, tout au long de ces ann\u00e9es, ont fait confiance \u00e0 la marque.<\/p>\n<p style=\"text-align: justify;\">Vicente Carot, directeur d&rsquo;AUTELEC Tecnolog\u00eda, se souvient que \u00ab nous sommes fid\u00e8les \u00e0 Expoliva depuis les premi\u00e8res \u00e9ditions qui se sont d\u00e9roul\u00e9es dans les installations militaires, \u00e0 l&rsquo;entr\u00e9e de Ja\u00e9n. Pour nous, Expoliva est la foire par excellence du secteur ol\u00e9icole et repr\u00e9sente une excellente occasion de retrouver nos amis et clients, ainsi que la meilleure vitrine pour pr\u00e9senter nos produits et nos nouveaux d\u00e9veloppements.<\/p>\n<p style=\"text-align: justify;\">Une fois la pand\u00e9mie pass\u00e9e, Carot consid\u00e8re que la 21e \u00e9dition du Salon international de l\u2019huile d\u2019olive et des industries connexes repr\u00e9sente le retour d\u00e9finitif \u00e0 la normalit\u00e9 et est convaincu qu\u2019Expoliva 2023 \u00ab signifiera un avant et un apr\u00e8s \u00bb.<\/p>\n<h4>Efficacit\u00e9 \u00e9nerg\u00e9tique, durabilit\u00e9 et maintenance<\/h4>\n<p style=\"text-align: justify;\">L&rsquo;entreprise profitera de la c\u00e9l\u00e9bration de cette \u00e9dition pour lancer une version renouvel\u00e9e de la machine d&#8217;emballage DL-294 Plus, la nouvelle DL-295, avec laquelle l&rsquo;entreprise valencienne s&rsquo;engage \u00e0 am\u00e9liorer son efficacit\u00e9 \u00e9nerg\u00e9tique comme objectif prioritaire. \u00ab Nous vivons \u00e0 une \u00e9poque o\u00f9 l&rsquo;augmentation incessante de l&rsquo;\u00e9nergie devient une partie tr\u00e8s importante du co\u00fbt de production &#8211; dit Carot &#8211; et, par cons\u00e9quent, nous nous sommes donn\u00e9 comme priorit\u00e9 de r\u00e9duire la consommation du nouveau DL-295. Eh bien, nous avons r\u00e9ussi \u00e0 la r\u00e9duire de pr\u00e8s de 50 % par rapport au mod\u00e8le pr\u00e9c\u00e9dent, r\u00e9alisant 95 % d&rsquo;\u00e9conomies d&rsquo;\u00e9nergie avec le mode de fonctionnement ECO et aidant ainsi nos clients \u00e0 r\u00e9duire leur empreinte carbone et \u00e0 \u00eatre plus efficaces \u00e9nerg\u00e9tiquement. Un autre aspect qui distingue les \u00e9quipements con\u00e7us et fabriqu\u00e9s par AUTELEC Tecnolog\u00eda est sans aucun doute la durabilit\u00e9. \u00c0 cet \u00e9gard, Vicente Carot soutient que \u00ab la plan\u00e8te a besoin d&rsquo;\u00e9quipements durables qui ne doivent pas \u00eatre abandonn\u00e9s \u00e0 court terme, avec un entretien et une consommation adapt\u00e9s. Nos premi\u00e8res machines d&#8217;emballage ont d\u00e9j\u00e0 largement d\u00e9pass\u00e9 30 ans de fonctionnement, contribuant ainsi \u00e0 r\u00e9duire les d\u00e9chets caus\u00e9s par d&rsquo;autres machines qui deviennent obsol\u00e8tes en quelques ann\u00e9es, qui n\u00e9cessitent leur remplacement, g\u00e9n\u00e9rant non seulement une d\u00e9pense parfois inutile, mais une quantit\u00e9 d&rsquo;argent. des d\u00e9chets qui, \u00e0 notre avis, pourraient \u00eatre \u00e9vit\u00e9s ou consid\u00e9rablement r\u00e9duits. \u00bb<\/p>\n<p style=\"text-align: justify;\">D&rsquo;autre part, l&rsquo;entreprise s&rsquo;est toujours engag\u00e9e \u00e0 entretenir tous ses \u00e9quipements, qui disposent aujourd&rsquo;hui de toutes les pi\u00e8ces de rechange n\u00e9cessaires \u00e0 leur bon fonctionnement. De esta manera, queda en ma- nos del cliente que posee una m\u00e1quina antigua en uso la decisi\u00f3n de comprar una nueva basa- da \u00fanicamente en la modernizaci\u00f3n y mejora de sus funciones, y no en la obligaci\u00f3n de sustituirla por razones de obsolescencia programada del \u00e9quipe. \u00ab Le plus simple, explique Carot, serait de cesser de fournir des services aux \u00e9quipements qui fonctionnent depuis plus de 30 ans, mais, bien au contraire, notre politique a \u00e9t\u00e9 et continue d&rsquo;\u00eatre de nous efforcer de continuer \u00e0 les entretenir. \u00e0 pleine capacit\u00e9, sachant que la d\u00e9cision de les remplacer doit toujours revenir au propri\u00e9taire et non au fabricant. Ainsi, chaque client peut \u00e9valuer sa situation et ses ressources pour prendre la d\u00e9cision d\u2019acqu\u00e9rir ou d\u2019entretenir son \u00e9quipement. Nous comprenons que d\u2019autres marques, de par leur structure, ne peuvent pas continuer \u00e0 supporter leurs \u00e9quipements, leur obsolescence n\u2019\u00e9tant pas toujours intentionnelle, mais forc\u00e9e par des \u00e9l\u00e9ments ext\u00e9rieurs.<\/p>\n<div class=\"page\" title=\"Page 2\">\n<div class=\"section\">\n<div class=\"layoutArea\">\n<div class=\"column\">\n<h4>Avec le lancement de sa nouvelle machine d&#8217;emballage DL-295, l&rsquo;entreprise valencienne s&rsquo;engage \u00e0 am\u00e9liorer l&rsquo;efficacit\u00e9 \u00e9nerg\u00e9tique comme objectif prioritaire<\/h4>\n<\/div>\n<\/div>\n<\/div>\n<\/div>\n<p style=\"text-align: justify;\">En ce sens, chez AUTELEC Tecnolog\u00eda, ils ont toujours opt\u00e9 pour un contr\u00f4le total de leurs produits, \u00ab\u00a0ce qui nous permet non seulement de les maintenir pendant de nombreuses ann\u00e9es, mais aussi de pouvoir int\u00e9grer des am\u00e9liorations et des mises \u00e0 jour aux \u00e9quipements plus anciens.\u00a0\u00bb<\/p >\n<p style=\"text-align: justify;\">L&rsquo;entreprise dispose de fournisseurs nationaux qui assurent une plus grande s\u00e9curit\u00e9 d&rsquo;approvisionnement, en plus de contribuer \u00e0 maintenir le tissu industriel actif. Pour tout cela, il semble essentiel que l&rsquo;effort pour continuer \u00e0 assurer le service de tous vos \u00e9quipements, quel que soit leur \u00e2ge, corresponde \u00e0 un bon entretien de ceux-ci, \u00ab\u00a0car bien des fois la situation des machines pourrait \u00eatre am\u00e9lior\u00e9e avec quelques simples conseils et instructions, nous vous recommandons donc toujours de nous contacter. Nous disposons d&rsquo;un service technique t\u00e9l\u00e9phonique gratuit qui r\u00e9pondra \u00e0 toutes vos questions. De plus, notre d\u00e9partement R&#038;D est charg\u00e9 d&rsquo;offrir diff\u00e9rentes solutions \u00e0 nos clients et de les conseiller sur leurs besoins, en cr\u00e9ant parfois des \u00e9quipements personnalis\u00e9s\u00a0\u00bb, conclut le responsable d&rsquo;AUTELEC Tecnolog\u00eda, qui vous encourage \u00e0 visiter le stand F-4 du Pavillon Int\u00e9rieur. \u00a0\u00bb pour pouvoir v\u00e9rifier de premi\u00e8re main le fonctionnement de la nouvelle huile de remplissage DL-295, comme nous l&rsquo;avons fait dans toutes les \u00e9ditions pr\u00e9c\u00e9dentes. \u00bb<\/p>\n<\/div>\n<\/div>\n<\/div>\n<\/div>\n<\/div>\n<\/div>\n[\/vc_column_text][divider line_type=\u00a0\u00bbNo Line\u00a0\u00bb custom_height=\u00a0\u00bb50&Prime;][nectar_btn size=\u00a0\u00bblarge\u00a0\u00bb button_style=\u00a0\u00bbregular\u00a0\u00bb button_color_2=\u00a0\u00bbAccent-Color\u00a0\u00bb icon_family=\u00a0\u00bbnone\u00a0\u00bb text=\u00a0\u00bb VOIR PDF\u00a0\u00bb url=\u00a0\u00bbhttps:\/\/autelec.es\/wp-content\/uploads\/2023\/11\/AUTELEC_PUBLIRREPORTAJEMERCACEI115.pdf\u00a0\u00bb][\/vc_column][\/vc_row]\n","protected":false},"excerpt":{"rendered":"<p>[vc_row type=\u00a0\u00bbin_container\u00a0\u00bb full_screen_row_position=\u00a0\u00bbmiddle\u00a0\u00bb column_margin=\u00a0\u00bbdefault\u00a0\u00bb column_direction=\u00a0\u00bbdefault\u00a0\u00bb column_direction_tablet=\u00a0\u00bbdefault\u00a0\u00bb column_direction_phone=\u00a0\u00bbdefault\u00a0\u00bb scene_position=\u00a0\u00bbcenter\u00a0\u00bb text_color=\u00a0\u00bbdark\u00a0\u00bb text_align=\u00a0\u00bbleft\u00a0\u00bb row_border_radius=\u00a0\u00bbnone\u00a0\u00bb row_border_radius_applies=\u00a0\u00bbbg\u00a0\u00bb overflow=\u00a0\u00bbvisible\u00a0\u00bb overlay_strength=\u00a0\u00bb0.3&Prime; gradient_direction=\u00a0\u00bbleft_to_right\u00a0\u00bb shape_divider_position=\u00a0\u00bbbottom\u00a0\u00bb bg_image_animation=\u00a0\u00bbnone\u00a0\u00bb][vc_column column_padding=\u00a0\u00bbno-extra-padding\u00a0\u00bb column_padding_tablet=\u00a0\u00bbinherit\u00a0\u00bb column_padding_phone=\u00a0\u00bbinherit\u00a0\u00bb column_padding_position=\u00a0\u00bball\u00a0\u00bb column_element_spacing=\u00a0\u00bbdefault\u00a0\u00bb centered_text=\u00a0\u00bbtrue\u00a0\u00bb background_color_opacity=\u00a0\u00bb1&Prime; background_hover_color_opacity=\u00a0\u00bb1&Prime; column_shadow=\u00a0\u00bbnone\u00a0\u00bb column_border_radius=\u00a0\u00bbnone\u00a0\u00bb column_link_target=\u00a0\u00bb_self\u00a0\u00bb column_position=\u00a0\u00bbdefault\u00a0\u00bb advanced_gradient_angle=\u00a0\u00bb0&Prime;&#8230;<\/p>\n","protected":false},"author":1,"featured_media":2048,"comment_status":"open","ping_status":"open","sticky":false,"template":"","format":"standard","meta":{"_exactmetrics_skip_tracking":false,"_exactmetrics_sitenote_active":false,"_exactmetrics_sitenote_note":"","_exactmetrics_sitenote_category":0,"footnotes":""},"categories":[70],"tags":[],"class_list":{"0":"post-2054","1":"post","2":"type-post","3":"status-publish","4":"format-standard","5":"has-post-thumbnail","7":"category-actualites-autelec"},"yoast_head":"<!-- This site is optimized with the Yoast SEO plugin v26.9 - https:\/\/yoast.com\/product\/yoast-seo-wordpress\/ -->\n<title>Technologie AUTELEC : efficacit\u00e9, \u00e9cologie, durabilit\u00e9 et \u00e9conomies &#187; Autelec<\/title>\n<meta name=\"description\" content=\"Maquinarias aceite de oliva\" \/>\n<meta name=\"robots\" content=\"index, follow, max-snippet:-1, max-image-preview:large, max-video-preview:-1\" \/>\n<link rel=\"canonical\" href=\"https:\/\/autelec.es\/autelec-tecnologia-eficiencia-ecologia-durabilidad-y-ahorro\/\" \/>\n<meta property=\"og:locale\" content=\"fr_FR\" \/>\n<meta property=\"og:type\" content=\"article\" \/>\n<meta property=\"og:title\" content=\"Technologie AUTELEC : efficacit\u00e9, \u00e9cologie, durabilit\u00e9 et \u00e9conomies &#187; Autelec\" \/>\n<meta property=\"og:description\" content=\"Maquinarias aceite de oliva\" \/>\n<meta property=\"og:url\" content=\"https:\/\/autelec.es\/autelec-tecnologia-eficiencia-ecologia-durabilidad-y-ahorro\/\" \/>\n<meta property=\"og:site_name\" content=\"Autelec\" \/>\n<meta property=\"article:publisher\" content=\"https:\/\/www.facebook.com\/autelec.tecnologia.sl\/\" \/>\n<meta property=\"article:published_time\" content=\"2023-11-02T11:56:26+00:00\" \/>\n<meta property=\"article:modified_time\" content=\"2023-11-02T11:56:27+00:00\" \/>\n<meta property=\"og:image\" content=\"https:\/\/autelec.es\/wp-content\/uploads\/2023\/11\/Captura-de-pantalla-2023-11-02-a-las-12.51.07.jpg\" \/>\n\t<meta property=\"og:image:width\" content=\"1000\" \/>\n\t<meta property=\"og:image:height\" content=\"762\" \/>\n\t<meta property=\"og:image:type\" content=\"image\/jpeg\" \/>\n<meta name=\"author\" content=\"Autelec\" \/>\n<meta name=\"twitter:card\" content=\"summary_large_image\" \/>\n<meta name=\"twitter:creator\" content=\"@autelec\" \/>\n<meta name=\"twitter:site\" content=\"@autelec\" \/>\n<meta name=\"twitter:label1\" content=\"\u00c9crit par\" \/>\n\t<meta name=\"twitter:data1\" content=\"Autelec\" \/>\n\t<meta name=\"twitter:label2\" content=\"Dur\u00e9e de lecture estim\u00e9e\" \/>\n\t<meta name=\"twitter:data2\" content=\"6 minutes\" \/>\n<script type=\"application\/ld+json\" class=\"yoast-schema-graph\">{\"@context\":\"https:\/\/schema.org\",\"@graph\":[{\"@type\":\"Article\",\"@id\":\"https:\/\/autelec.es\/autelec-tecnologia-eficiencia-ecologia-durabilidad-y-ahorro\/#article\",\"isPartOf\":{\"@id\":\"https:\/\/autelec.es\/autelec-tecnologia-eficiencia-ecologia-durabilidad-y-ahorro\/\"},\"author\":{\"name\":\"Autelec\",\"@id\":\"https:\/\/autelec.es\/#\/schema\/person\/383db1ae4c98d38da90f442f167db8f4\"},\"headline\":\"Technologie AUTELEC : efficacit\u00e9, \u00e9cologie, durabilit\u00e9 et \u00e9conomies\",\"datePublished\":\"2023-11-02T11:56:26+00:00\",\"dateModified\":\"2023-11-02T11:56:27+00:00\",\"mainEntityOfPage\":{\"@id\":\"https:\/\/autelec.es\/autelec-tecnologia-eficiencia-ecologia-durabilidad-y-ahorro\/\"},\"wordCount\":1281,\"commentCount\":0,\"image\":{\"@id\":\"https:\/\/autelec.es\/autelec-tecnologia-eficiencia-ecologia-durabilidad-y-ahorro\/#primaryimage\"},\"thumbnailUrl\":\"https:\/\/autelec.es\/wp-content\/uploads\/2023\/11\/Captura-de-pantalla-2023-11-02-a-las-12.51.07.jpg\",\"articleSection\":[\"Actualit\u00e9s Autelec\"],\"inLanguage\":\"fr-FR\",\"potentialAction\":[{\"@type\":\"CommentAction\",\"name\":\"Comment\",\"target\":[\"https:\/\/autelec.es\/autelec-tecnologia-eficiencia-ecologia-durabilidad-y-ahorro\/#respond\"]}]},{\"@type\":\"WebPage\",\"@id\":\"https:\/\/autelec.es\/autelec-tecnologia-eficiencia-ecologia-durabilidad-y-ahorro\/\",\"url\":\"https:\/\/autelec.es\/autelec-tecnologia-eficiencia-ecologia-durabilidad-y-ahorro\/\",\"name\":\"Technologie AUTELEC : efficacit\u00e9, \u00e9cologie, durabilit\u00e9 et \u00e9conomies &#187; Autelec\",\"isPartOf\":{\"@id\":\"https:\/\/autelec.es\/#website\"},\"primaryImageOfPage\":{\"@id\":\"https:\/\/autelec.es\/autelec-tecnologia-eficiencia-ecologia-durabilidad-y-ahorro\/#primaryimage\"},\"image\":{\"@id\":\"https:\/\/autelec.es\/autelec-tecnologia-eficiencia-ecologia-durabilidad-y-ahorro\/#primaryimage\"},\"thumbnailUrl\":\"https:\/\/autelec.es\/wp-content\/uploads\/2023\/11\/Captura-de-pantalla-2023-11-02-a-las-12.51.07.jpg\",\"datePublished\":\"2023-11-02T11:56:26+00:00\",\"dateModified\":\"2023-11-02T11:56:27+00:00\",\"author\":{\"@id\":\"https:\/\/autelec.es\/#\/schema\/person\/383db1ae4c98d38da90f442f167db8f4\"},\"description\":\"Maquinarias aceite de oliva\",\"breadcrumb\":{\"@id\":\"https:\/\/autelec.es\/autelec-tecnologia-eficiencia-ecologia-durabilidad-y-ahorro\/#breadcrumb\"},\"inLanguage\":\"fr-FR\",\"potentialAction\":[{\"@type\":\"ReadAction\",\"target\":[\"https:\/\/autelec.es\/autelec-tecnologia-eficiencia-ecologia-durabilidad-y-ahorro\/\"]}]},{\"@type\":\"ImageObject\",\"inLanguage\":\"fr-FR\",\"@id\":\"https:\/\/autelec.es\/autelec-tecnologia-eficiencia-ecologia-durabilidad-y-ahorro\/#primaryimage\",\"url\":\"https:\/\/autelec.es\/wp-content\/uploads\/2023\/11\/Captura-de-pantalla-2023-11-02-a-las-12.51.07.jpg\",\"contentUrl\":\"https:\/\/autelec.es\/wp-content\/uploads\/2023\/11\/Captura-de-pantalla-2023-11-02-a-las-12.51.07.jpg\",\"width\":1000,\"height\":762},{\"@type\":\"BreadcrumbList\",\"@id\":\"https:\/\/autelec.es\/autelec-tecnologia-eficiencia-ecologia-durabilidad-y-ahorro\/#breadcrumb\",\"itemListElement\":[{\"@type\":\"ListItem\",\"position\":1,\"name\":\"Portada\",\"item\":\"https:\/\/autelec.es\/\"},{\"@type\":\"ListItem\",\"position\":2,\"name\":\"Technologie AUTELEC : efficacit\u00e9, \u00e9cologie, durabilit\u00e9 et \u00e9conomies\"}]},{\"@type\":\"WebSite\",\"@id\":\"https:\/\/autelec.es\/#website\",\"url\":\"https:\/\/autelec.es\/\",\"name\":\"Autelec\",\"description\":\"Otro sitio realizado con WordPress\",\"potentialAction\":[{\"@type\":\"SearchAction\",\"target\":{\"@type\":\"EntryPoint\",\"urlTemplate\":\"https:\/\/autelec.es\/?s={search_term_string}\"},\"query-input\":{\"@type\":\"PropertyValueSpecification\",\"valueRequired\":true,\"valueName\":\"search_term_string\"}}],\"inLanguage\":\"fr-FR\"},{\"@type\":\"Person\",\"@id\":\"https:\/\/autelec.es\/#\/schema\/person\/383db1ae4c98d38da90f442f167db8f4\",\"name\":\"Autelec\",\"url\":\"https:\/\/autelec.es\/fr\/author\/wp_sp\/\"}]}<\/script>\n<!-- \/ Yoast SEO plugin. -->","yoast_head_json":{"title":"Technologie AUTELEC : efficacit\u00e9, \u00e9cologie, durabilit\u00e9 et \u00e9conomies &#187; Autelec","description":"Maquinarias aceite de oliva","robots":{"index":"index","follow":"follow","max-snippet":"max-snippet:-1","max-image-preview":"max-image-preview:large","max-video-preview":"max-video-preview:-1"},"canonical":"https:\/\/autelec.es\/autelec-tecnologia-eficiencia-ecologia-durabilidad-y-ahorro\/","og_locale":"fr_FR","og_type":"article","og_title":"Technologie AUTELEC : efficacit\u00e9, \u00e9cologie, durabilit\u00e9 et \u00e9conomies &#187; Autelec","og_description":"Maquinarias aceite de oliva","og_url":"https:\/\/autelec.es\/autelec-tecnologia-eficiencia-ecologia-durabilidad-y-ahorro\/","og_site_name":"Autelec","article_publisher":"https:\/\/www.facebook.com\/autelec.tecnologia.sl\/","article_published_time":"2023-11-02T11:56:26+00:00","article_modified_time":"2023-11-02T11:56:27+00:00","og_image":[{"width":1000,"height":762,"url":"https:\/\/autelec.es\/wp-content\/uploads\/2023\/11\/Captura-de-pantalla-2023-11-02-a-las-12.51.07.jpg","type":"image\/jpeg"}],"author":"Autelec","twitter_card":"summary_large_image","twitter_creator":"@autelec","twitter_site":"@autelec","twitter_misc":{"\u00c9crit par":"Autelec","Dur\u00e9e de lecture estim\u00e9e":"6 minutes"},"schema":{"@context":"https:\/\/schema.org","@graph":[{"@type":"Article","@id":"https:\/\/autelec.es\/autelec-tecnologia-eficiencia-ecologia-durabilidad-y-ahorro\/#article","isPartOf":{"@id":"https:\/\/autelec.es\/autelec-tecnologia-eficiencia-ecologia-durabilidad-y-ahorro\/"},"author":{"name":"Autelec","@id":"https:\/\/autelec.es\/#\/schema\/person\/383db1ae4c98d38da90f442f167db8f4"},"headline":"Technologie AUTELEC : efficacit\u00e9, \u00e9cologie, durabilit\u00e9 et \u00e9conomies","datePublished":"2023-11-02T11:56:26+00:00","dateModified":"2023-11-02T11:56:27+00:00","mainEntityOfPage":{"@id":"https:\/\/autelec.es\/autelec-tecnologia-eficiencia-ecologia-durabilidad-y-ahorro\/"},"wordCount":1281,"commentCount":0,"image":{"@id":"https:\/\/autelec.es\/autelec-tecnologia-eficiencia-ecologia-durabilidad-y-ahorro\/#primaryimage"},"thumbnailUrl":"https:\/\/autelec.es\/wp-content\/uploads\/2023\/11\/Captura-de-pantalla-2023-11-02-a-las-12.51.07.jpg","articleSection":["Actualit\u00e9s Autelec"],"inLanguage":"fr-FR","potentialAction":[{"@type":"CommentAction","name":"Comment","target":["https:\/\/autelec.es\/autelec-tecnologia-eficiencia-ecologia-durabilidad-y-ahorro\/#respond"]}]},{"@type":"WebPage","@id":"https:\/\/autelec.es\/autelec-tecnologia-eficiencia-ecologia-durabilidad-y-ahorro\/","url":"https:\/\/autelec.es\/autelec-tecnologia-eficiencia-ecologia-durabilidad-y-ahorro\/","name":"Technologie AUTELEC : efficacit\u00e9, \u00e9cologie, durabilit\u00e9 et \u00e9conomies &#187; Autelec","isPartOf":{"@id":"https:\/\/autelec.es\/#website"},"primaryImageOfPage":{"@id":"https:\/\/autelec.es\/autelec-tecnologia-eficiencia-ecologia-durabilidad-y-ahorro\/#primaryimage"},"image":{"@id":"https:\/\/autelec.es\/autelec-tecnologia-eficiencia-ecologia-durabilidad-y-ahorro\/#primaryimage"},"thumbnailUrl":"https:\/\/autelec.es\/wp-content\/uploads\/2023\/11\/Captura-de-pantalla-2023-11-02-a-las-12.51.07.jpg","datePublished":"2023-11-02T11:56:26+00:00","dateModified":"2023-11-02T11:56:27+00:00","author":{"@id":"https:\/\/autelec.es\/#\/schema\/person\/383db1ae4c98d38da90f442f167db8f4"},"description":"Maquinarias aceite de oliva","breadcrumb":{"@id":"https:\/\/autelec.es\/autelec-tecnologia-eficiencia-ecologia-durabilidad-y-ahorro\/#breadcrumb"},"inLanguage":"fr-FR","potentialAction":[{"@type":"ReadAction","target":["https:\/\/autelec.es\/autelec-tecnologia-eficiencia-ecologia-durabilidad-y-ahorro\/"]}]},{"@type":"ImageObject","inLanguage":"fr-FR","@id":"https:\/\/autelec.es\/autelec-tecnologia-eficiencia-ecologia-durabilidad-y-ahorro\/#primaryimage","url":"https:\/\/autelec.es\/wp-content\/uploads\/2023\/11\/Captura-de-pantalla-2023-11-02-a-las-12.51.07.jpg","contentUrl":"https:\/\/autelec.es\/wp-content\/uploads\/2023\/11\/Captura-de-pantalla-2023-11-02-a-las-12.51.07.jpg","width":1000,"height":762},{"@type":"BreadcrumbList","@id":"https:\/\/autelec.es\/autelec-tecnologia-eficiencia-ecologia-durabilidad-y-ahorro\/#breadcrumb","itemListElement":[{"@type":"ListItem","position":1,"name":"Portada","item":"https:\/\/autelec.es\/"},{"@type":"ListItem","position":2,"name":"Technologie AUTELEC : efficacit\u00e9, \u00e9cologie, durabilit\u00e9 et \u00e9conomies"}]},{"@type":"WebSite","@id":"https:\/\/autelec.es\/#website","url":"https:\/\/autelec.es\/","name":"Autelec","description":"Otro sitio realizado con WordPress","potentialAction":[{"@type":"SearchAction","target":{"@type":"EntryPoint","urlTemplate":"https:\/\/autelec.es\/?s={search_term_string}"},"query-input":{"@type":"PropertyValueSpecification","valueRequired":true,"valueName":"search_term_string"}}],"inLanguage":"fr-FR"},{"@type":"Person","@id":"https:\/\/autelec.es\/#\/schema\/person\/383db1ae4c98d38da90f442f167db8f4","name":"Autelec","url":"https:\/\/autelec.es\/fr\/author\/wp_sp\/"}]}},"_links":{"self":[{"href":"https:\/\/autelec.es\/fr\/wp-json\/wp\/v2\/posts\/2054","targetHints":{"allow":["GET"]}}],"collection":[{"href":"https:\/\/autelec.es\/fr\/wp-json\/wp\/v2\/posts"}],"about":[{"href":"https:\/\/autelec.es\/fr\/wp-json\/wp\/v2\/types\/post"}],"author":[{"embeddable":true,"href":"https:\/\/autelec.es\/fr\/wp-json\/wp\/v2\/users\/1"}],"replies":[{"embeddable":true,"href":"https:\/\/autelec.es\/fr\/wp-json\/wp\/v2\/comments?post=2054"}],"version-history":[{"count":2,"href":"https:\/\/autelec.es\/fr\/wp-json\/wp\/v2\/posts\/2054\/revisions"}],"predecessor-version":[{"id":2056,"href":"https:\/\/autelec.es\/fr\/wp-json\/wp\/v2\/posts\/2054\/revisions\/2056"}],"wp:featuredmedia":[{"embeddable":true,"href":"https:\/\/autelec.es\/fr\/wp-json\/wp\/v2\/media\/2048"}],"wp:attachment":[{"href":"https:\/\/autelec.es\/fr\/wp-json\/wp\/v2\/media?parent=2054"}],"wp:term":[{"taxonomy":"category","embeddable":true,"href":"https:\/\/autelec.es\/fr\/wp-json\/wp\/v2\/categories?post=2054"},{"taxonomy":"post_tag","embeddable":true,"href":"https:\/\/autelec.es\/fr\/wp-json\/wp\/v2\/tags?post=2054"}],"curies":[{"name":"wp","href":"https:\/\/api.w.org\/{rel}","templated":true}]}}