{"id":2109,"date":"2024-02-12T11:53:34","date_gmt":"2024-02-12T11:53:34","guid":{"rendered":"https:\/\/autelec.es\/le-gala-des-prix-internationaux-de-la-qualite-de-lhuile-dolive-extra-vierge-evooleum-awards\/"},"modified":"2024-02-12T11:53:35","modified_gmt":"2024-02-12T11:53:35","slug":"le-gala-des-prix-internationaux-de-la-qualite-de-lhuile-dolive-extra-vierge-evooleum-awards","status":"publish","type":"post","link":"https:\/\/autelec.es\/fr\/le-gala-des-prix-internationaux-de-la-qualite-de-lhuile-dolive-extra-vierge-evooleum-awards\/","title":{"rendered":"Le Gala des Prix Internationaux de la Qualit\u00e9 de l&rsquo;Huile d&rsquo;Olive Extra Vierge EVOOLEUM Awards"},"content":{"rendered":"[vc_row type=\u00a0\u00bbin_container\u00a0\u00bb full_screen_row_position=\u00a0\u00bbmiddle\u00a0\u00bb column_margin=\u00a0\u00bbdefault\u00a0\u00bb column_direction=\u00a0\u00bbdefault\u00a0\u00bb column_direction_tablet=\u00a0\u00bbdefault\u00a0\u00bb column_direction_phone=\u00a0\u00bbdefault\u00a0\u00bb scene_position=\u00a0\u00bbcenter\u00a0\u00bb text_color=\u00a0\u00bbdark\u00a0\u00bb text_align=\u00a0\u00bbleft\u00a0\u00bb row_border_radius=\u00a0\u00bbnone\u00a0\u00bb row_border_radius_applies=\u00a0\u00bbbg\u00a0\u00bb overflow=\u00a0\u00bbvisible\u00a0\u00bb overlay_strength=\u00a0\u00bb0.3&Prime; gradient_direction=\u00a0\u00bbleft_to_right\u00a0\u00bb shape_divider_position=\u00a0\u00bbbottom\u00a0\u00bb bg_image_animation=\u00a0\u00bbnone\u00a0\u00bb][vc_column column_padding=\u00a0\u00bbno-extra-padding\u00a0\u00bb column_padding_tablet=\u00a0\u00bbinherit\u00a0\u00bb column_padding_phone=\u00a0\u00bbinherit\u00a0\u00bb column_padding_position=\u00a0\u00bball\u00a0\u00bb column_element_spacing=\u00a0\u00bbdefault\u00a0\u00bb centered_text=\u00a0\u00bbtrue\u00a0\u00bb background_color_opacity=\u00a0\u00bb1&Prime; background_hover_color_opacity=\u00a0\u00bb1&Prime; column_shadow=\u00a0\u00bbnone\u00a0\u00bb column_border_radius=\u00a0\u00bbnone\u00a0\u00bb column_link_target=\u00a0\u00bb_self\u00a0\u00bb column_position=\u00a0\u00bbdefault\u00a0\u00bb advanced_gradient_angle=\u00a0\u00bb0&Prime; gradient_direction=\u00a0\u00bbleft_to_right\u00a0\u00bb overlay_strength=\u00a0\u00bb0.3&Prime; width=\u00a0\u00bb1\/1&Prime; tablet_width_inherit=\u00a0\u00bbdefault\u00a0\u00bb tablet_text_alignment=\u00a0\u00bbdefault\u00a0\u00bb phone_text_alignment=\u00a0\u00bbdefault\u00a0\u00bb animation_type=\u00a0\u00bbdefault\u00a0\u00bb bg_image_animation=\u00a0\u00bbnone\u00a0\u00bb border_type=\u00a0\u00bbsimple\u00a0\u00bb column_border_width=\u00a0\u00bbnone\u00a0\u00bb column_border_style=\u00a0\u00bbsolid\u00a0\u00bb gradient_type=\u00a0\u00bbdefault\u00a0\u00bb][vc_column_text]\n<p style=\"text-align: center;\"><b>Gala international des prix de la qualit\u00e9 de l&rsquo;huile d&rsquo;olive extra vierge EVOOLEUM Awards<\/b><\/p>\n[\/vc_column_text][divider line_type=\u00a0\u00bbNo Line\u00a0\u00bb custom_height=\u00a0\u00bb50&Prime;][vc_column_text]\n<div class=\"page\" title=\"Page 1\">\n<div class=\"layoutArea\">\n<div class=\"colonne\">\n<div class=\"page\" title=\"Page 1\">\n<div class=\"layoutArea\">\n<div class=\"colonne\">\n<p style=\"font-weight: 400;\">Le Gala des Prix Internationaux de Qualit\u00e9 de l&rsquo;Huile d&rsquo;Olive Extra Vierge EVOOLEUM Awards, qui s&rsquo;est tenu le 16 janvier, s&rsquo;est une fois de plus affirm\u00e9 comme la grande f\u00eate mondiale de l&rsquo;huile d&rsquo;olive extra vierge et une r\u00e9compense bien m\u00e9rit\u00e9e. hommage aux producteurs du monde entier. L&rsquo;\u00e9v\u00e9nement a r\u00e9uni le ministre de l&rsquo;Agriculture, de la P\u00eache et de l&rsquo;Alimentation, Luis Planas, et d&rsquo;\u00e9minents producteurs nationaux et internationaux de pays tels que l&rsquo;Italie, le Br\u00e9sil, la Croatie, le Liban, Isra\u00ebl et la Chine. Il est d\u00e9sormais possible de se plonger dans l&rsquo;\u00e9v\u00e9nement de l&rsquo;ann\u00e9e gr\u00e2ce \u00e0 la vid\u00e9o publi\u00e9e par EVOOLEUM et que vous pouvez voir ci-dessous.<\/p>\n<\/div>\n<\/div>\n<\/div>\n<\/div>\n<\/div>\n<\/div>\n[\/vc_column_text][divider line_type=\u00a0\u00bbNo Line\u00a0\u00bb custom_height=\u00a0\u00bb50&Prime;][vc_video link=\u00a0\u00bbhttps:\/\/youtu.be\/PRlFTWlqcxg\u00a0\u00bb align=\u00a0\u00bbcenter\u00a0\u00bb][\/vc_column][\/vc_row][vc_row type=\u00a0\u00bbin_container\u00a0\u00bb full_screen_row_position=\u00a0\u00bbmiddle\u00a0\u00bb column_margin=\u00a0\u00bbdefault\u00a0\u00bb column_direction=\u00a0\u00bbdefault\u00a0\u00bb column_direction_tablet=\u00a0\u00bbdefault\u00a0\u00bb column_direction_phone=\u00a0\u00bbdefault\u00a0\u00bb scene_position=\u00a0\u00bbcenter\u00a0\u00bb text_color=\u00a0\u00bbdark\u00a0\u00bb text_align=\u00a0\u00bbleft\u00a0\u00bb row_border_radius=\u00a0\u00bbnone\u00a0\u00bb row_border_radius_applies=\u00a0\u00bbbg\u00a0\u00bb overflow=\u00a0\u00bbvisible\u00a0\u00bb overlay_strength=\u00a0\u00bb0.3&Prime; gradient_direction=\u00a0\u00bbleft_to_right\u00a0\u00bb shape_divider_position=\u00a0\u00bbbottom\u00a0\u00bb bg_image_animation=\u00a0\u00bbnone\u00a0\u00bb][vc_column column_padding=\u00a0\u00bbno-extra-padding\u00a0\u00bb column_padding_tablet=\u00a0\u00bbinherit\u00a0\u00bb column_padding_phone=\u00a0\u00bbinherit\u00a0\u00bb column_padding_position=\u00a0\u00bball\u00a0\u00bb column_element_spacing=\u00a0\u00bbdefault\u00a0\u00bb background_color_opacity=\u00a0\u00bb1&Prime; background_hover_color_opacity=\u00a0\u00bb1&Prime; column_shadow=\u00a0\u00bbnone\u00a0\u00bb column_border_radius=\u00a0\u00bbnone\u00a0\u00bb column_link_target=\u00a0\u00bb_self\u00a0\u00bb column_position=\u00a0\u00bbdefault\u00a0\u00bb gradient_direction=\u00a0\u00bbleft_to_right\u00a0\u00bb overlay_strength=\u00a0\u00bb0.3&Prime; width=\u00a0\u00bb1\/4&Prime; tablet_width_inherit=\u00a0\u00bbdefault\u00a0\u00bb tablet_text_alignment=\u00a0\u00bbdefault\u00a0\u00bb phone_text_alignment=\u00a0\u00bbdefault\u00a0\u00bb animation_type=\u00a0\u00bbdefault\u00a0\u00bb bg_image_animation=\u00a0\u00bbnone\u00a0\u00bb border_type=\u00a0\u00bbsimple\u00a0\u00bb column_border_width=\u00a0\u00bbnone\u00a0\u00bb column_border_style=\u00a0\u00bbsolid\u00a0\u00bb][\/vc_column][vc_column column_padding=\u00a0\u00bbno-extra-padding\u00a0\u00bb column_padding_tablet=\u00a0\u00bbinherit\u00a0\u00bb column_padding_phone=\u00a0\u00bbinherit\u00a0\u00bb column_padding_position=\u00a0\u00bball\u00a0\u00bb column_element_spacing=\u00a0\u00bbdefault\u00a0\u00bb centered_text=\u00a0\u00bbtrue\u00a0\u00bb background_color_opacity=\u00a0\u00bb1&Prime; background_hover_color_opacity=\u00a0\u00bb1&Prime; column_shadow=\u00a0\u00bbnone\u00a0\u00bb column_border_radius=\u00a0\u00bbnone\u00a0\u00bb column_link_target=\u00a0\u00bb_self\u00a0\u00bb column_position=\u00a0\u00bbdefault\u00a0\u00bb advanced_gradient_angle=\u00a0\u00bb0&Prime; gradient_direction=\u00a0\u00bbleft_to_right\u00a0\u00bb overlay_strength=\u00a0\u00bb0.3&Prime; width=\u00a0\u00bb1\/2&Prime; tablet_width_inherit=\u00a0\u00bbdefault\u00a0\u00bb tablet_text_alignment=\u00a0\u00bbdefault\u00a0\u00bb phone_text_alignment=\u00a0\u00bbdefault\u00a0\u00bb animation_type=\u00a0\u00bbdefault\u00a0\u00bb bg_image_animation=\u00a0\u00bbnone\u00a0\u00bb border_type=\u00a0\u00bbsimple\u00a0\u00bb column_border_width=\u00a0\u00bbnone\u00a0\u00bb column_border_style=\u00a0\u00bbsolid\u00a0\u00bb gradient_type=\u00a0\u00bbdefault\u00a0\u00bb][divider line_type=\u00a0\u00bbNo Line\u00a0\u00bb custom_height=\u00a0\u00bb50&Prime;][image_with_animation image_url=\u00a0\u00bb2093&Prime; image_size=\u00a0\u00bbfull\u00a0\u00bb animation_type=\u00a0\u00bbentrance\u00a0\u00bb animation=\u00a0\u00bbFade In\u00a0\u00bb hover_animation=\u00a0\u00bbnone\u00a0\u00bb alignment=\u00a0\u00bbcenter\u00a0\u00bb border_radius=\u00a0\u00bbnone\u00a0\u00bb box_shadow=\u00a0\u00bbnone\u00a0\u00bb image_loading=\u00a0\u00bbdefault\u00a0\u00bb max_width=\u00a0\u00bb100%\u00a0\u00bb max_width_mobile=\u00a0\u00bbdefault\u00a0\u00bb][vc_column_text]Vicente Carot, g\u00e9rant d&rsquo;AUTELEC, et Joaquin Reyes, ambassadeur de l&rsquo;huile d&rsquo;olive.[\/vc_column_text][\/vc_column][vc_column column_padding=\u00a0\u00bbno-extra-padding\u00a0\u00bb column_padding_tablet=\u00a0\u00bbinherit\u00a0\u00bb column_padding_phone=\u00a0\u00bbinherit\u00a0\u00bb column_padding_position=\u00a0\u00bball\u00a0\u00bb column_element_spacing=\u00a0\u00bbdefault\u00a0\u00bb background_color_opacity=\u00a0\u00bb1&Prime; background_hover_color_opacity=\u00a0\u00bb1&Prime; column_shadow=\u00a0\u00bbnone\u00a0\u00bb column_border_radius=\u00a0\u00bbnone\u00a0\u00bb column_link_target=\u00a0\u00bb_self\u00a0\u00bb column_position=\u00a0\u00bbdefault\u00a0\u00bb gradient_direction=\u00a0\u00bbleft_to_right\u00a0\u00bb overlay_strength=\u00a0\u00bb0.3&Prime; width=\u00a0\u00bb1\/4&Prime; tablet_width_inherit=\u00a0\u00bbdefault\u00a0\u00bb tablet_text_alignment=\u00a0\u00bbdefault\u00a0\u00bb phone_text_alignment=\u00a0\u00bbdefault\u00a0\u00bb animation_type=\u00a0\u00bbdefault\u00a0\u00bb bg_image_animation=\u00a0\u00bbnone\u00a0\u00bb border_type=\u00a0\u00bbsimple\u00a0\u00bb column_border_width=\u00a0\u00bbnone\u00a0\u00bb column_border_style=\u00a0\u00bbsolid\u00a0\u00bb][\/vc_column][\/vc_row]\n","protected":false},"excerpt":{"rendered":"<p>[vc_row type=\u00a0\u00bbin_container\u00a0\u00bb full_screen_row_position=\u00a0\u00bbmiddle\u00a0\u00bb column_margin=\u00a0\u00bbdefault\u00a0\u00bb column_direction=\u00a0\u00bbdefault\u00a0\u00bb column_direction_tablet=\u00a0\u00bbdefault\u00a0\u00bb column_direction_phone=\u00a0\u00bbdefault\u00a0\u00bb scene_position=\u00a0\u00bbcenter\u00a0\u00bb text_color=\u00a0\u00bbdark\u00a0\u00bb text_align=\u00a0\u00bbleft\u00a0\u00bb row_border_radius=\u00a0\u00bbnone\u00a0\u00bb row_border_radius_applies=\u00a0\u00bbbg\u00a0\u00bb overflow=\u00a0\u00bbvisible\u00a0\u00bb overlay_strength=\u00a0\u00bb0.3&Prime; gradient_direction=\u00a0\u00bbleft_to_right\u00a0\u00bb shape_divider_position=\u00a0\u00bbbottom\u00a0\u00bb bg_image_animation=\u00a0\u00bbnone\u00a0\u00bb][vc_column column_padding=\u00a0\u00bbno-extra-padding\u00a0\u00bb column_padding_tablet=\u00a0\u00bbinherit\u00a0\u00bb column_padding_phone=\u00a0\u00bbinherit\u00a0\u00bb column_padding_position=\u00a0\u00bball\u00a0\u00bb column_element_spacing=\u00a0\u00bbdefault\u00a0\u00bb centered_text=\u00a0\u00bbtrue\u00a0\u00bb background_color_opacity=\u00a0\u00bb1&Prime; background_hover_color_opacity=\u00a0\u00bb1&Prime; column_shadow=\u00a0\u00bbnone\u00a0\u00bb column_border_radius=\u00a0\u00bbnone\u00a0\u00bb column_link_target=\u00a0\u00bb_self\u00a0\u00bb column_position=\u00a0\u00bbdefault\u00a0\u00bb advanced_gradient_angle=\u00a0\u00bb0&Prime;&#8230;<\/p>\n","protected":false},"author":1,"featured_media":2095,"comment_status":"open","ping_status":"open","sticky":false,"template":"","format":"standard","meta":{"_exactmetrics_skip_tracking":false,"_exactmetrics_sitenote_active":false,"_exactmetrics_sitenote_note":"","_exactmetrics_sitenote_category":0,"footnotes":""},"categories":[46],"tags":[],"class_list":{"0":"post-2109","1":"post","2":"type-post","3":"status-publish","4":"format-standard","5":"has-post-thumbnail","7":"category-non-classifiee"},"yoast_head":"<!-- This site is optimized with the Yoast SEO plugin v26.9 - https:\/\/yoast.com\/product\/yoast-seo-wordpress\/ -->\n<title>Le Gala des Prix Internationaux de la Qualit\u00e9 de l&#039;Huile d&#039;Olive Extra Vierge EVOOLEUM Awards &#187; Autelec<\/title>\n<meta name=\"description\" content=\"Maquinarias aceite de oliva\" \/>\n<meta name=\"robots\" content=\"index, follow, max-snippet:-1, max-image-preview:large, max-video-preview:-1\" \/>\n<link rel=\"canonical\" href=\"https:\/\/autelec.es\/la-gala-de-los-premios-internacionales-a-la-calidad-del-aceite-de-oliva-virgen-extra-evooleum-awards\/\" \/>\n<meta property=\"og:locale\" content=\"fr_FR\" \/>\n<meta property=\"og:type\" content=\"article\" \/>\n<meta property=\"og:title\" content=\"Le Gala des Prix Internationaux de la Qualit\u00e9 de l&#039;Huile d&#039;Olive Extra Vierge EVOOLEUM Awards &#187; Autelec\" \/>\n<meta property=\"og:description\" content=\"Maquinarias aceite de oliva\" \/>\n<meta property=\"og:url\" content=\"https:\/\/autelec.es\/la-gala-de-los-premios-internacionales-a-la-calidad-del-aceite-de-oliva-virgen-extra-evooleum-awards\/\" \/>\n<meta property=\"og:site_name\" content=\"Autelec\" \/>\n<meta property=\"article:publisher\" content=\"https:\/\/www.facebook.com\/autelec.tecnologia.sl\/\" \/>\n<meta property=\"article:published_time\" content=\"2024-02-12T11:53:34+00:00\" \/>\n<meta property=\"article:modified_time\" content=\"2024-02-12T11:53:35+00:00\" \/>\n<meta property=\"og:image\" content=\"https:\/\/autelec.es\/wp-content\/uploads\/2024\/02\/Joaquin-Reyes-Embajador-del-aceite-de-oliva.jpg\" \/>\n\t<meta property=\"og:image:width\" content=\"1255\" \/>\n\t<meta property=\"og:image:height\" content=\"1037\" \/>\n\t<meta property=\"og:image:type\" content=\"image\/jpeg\" \/>\n<meta name=\"author\" content=\"Autelec\" \/>\n<meta name=\"twitter:card\" content=\"summary_large_image\" \/>\n<meta name=\"twitter:creator\" content=\"@autelec\" \/>\n<meta name=\"twitter:site\" content=\"@autelec\" \/>\n<meta name=\"twitter:label1\" content=\"\u00c9crit par\" \/>\n\t<meta name=\"twitter:data1\" content=\"Autelec\" \/>\n\t<meta name=\"twitter:label2\" content=\"Dur\u00e9e de lecture estim\u00e9e\" \/>\n\t<meta name=\"twitter:data2\" content=\"3 minutes\" \/>\n<script type=\"application\/ld+json\" class=\"yoast-schema-graph\">{\"@context\":\"https:\/\/schema.org\",\"@graph\":[{\"@type\":\"Article\",\"@id\":\"https:\/\/autelec.es\/la-gala-de-los-premios-internacionales-a-la-calidad-del-aceite-de-oliva-virgen-extra-evooleum-awards\/#article\",\"isPartOf\":{\"@id\":\"https:\/\/autelec.es\/la-gala-de-los-premios-internacionales-a-la-calidad-del-aceite-de-oliva-virgen-extra-evooleum-awards\/\"},\"author\":{\"name\":\"Autelec\",\"@id\":\"https:\/\/autelec.es\/#\/schema\/person\/383db1ae4c98d38da90f442f167db8f4\"},\"headline\":\"Le Gala des Prix Internationaux de la Qualit\u00e9 de l&rsquo;Huile d&rsquo;Olive Extra Vierge EVOOLEUM Awards\",\"datePublished\":\"2024-02-12T11:53:34+00:00\",\"dateModified\":\"2024-02-12T11:53:35+00:00\",\"mainEntityOfPage\":{\"@id\":\"https:\/\/autelec.es\/la-gala-de-los-premios-internacionales-a-la-calidad-del-aceite-de-oliva-virgen-extra-evooleum-awards\/\"},\"wordCount\":731,\"commentCount\":0,\"image\":{\"@id\":\"https:\/\/autelec.es\/la-gala-de-los-premios-internacionales-a-la-calidad-del-aceite-de-oliva-virgen-extra-evooleum-awards\/#primaryimage\"},\"thumbnailUrl\":\"https:\/\/autelec.es\/wp-content\/uploads\/2024\/02\/Joaquin-Reyes-Embajador-del-aceite-de-oliva.jpg\",\"articleSection\":[\"Non classifi\u00e9(e)\"],\"inLanguage\":\"fr-FR\",\"potentialAction\":[{\"@type\":\"CommentAction\",\"name\":\"Comment\",\"target\":[\"https:\/\/autelec.es\/la-gala-de-los-premios-internacionales-a-la-calidad-del-aceite-de-oliva-virgen-extra-evooleum-awards\/#respond\"]}]},{\"@type\":\"WebPage\",\"@id\":\"https:\/\/autelec.es\/la-gala-de-los-premios-internacionales-a-la-calidad-del-aceite-de-oliva-virgen-extra-evooleum-awards\/\",\"url\":\"https:\/\/autelec.es\/la-gala-de-los-premios-internacionales-a-la-calidad-del-aceite-de-oliva-virgen-extra-evooleum-awards\/\",\"name\":\"Le Gala des Prix Internationaux de la Qualit\u00e9 de l'Huile d'Olive Extra Vierge EVOOLEUM Awards &#187; Autelec\",\"isPartOf\":{\"@id\":\"https:\/\/autelec.es\/#website\"},\"primaryImageOfPage\":{\"@id\":\"https:\/\/autelec.es\/la-gala-de-los-premios-internacionales-a-la-calidad-del-aceite-de-oliva-virgen-extra-evooleum-awards\/#primaryimage\"},\"image\":{\"@id\":\"https:\/\/autelec.es\/la-gala-de-los-premios-internacionales-a-la-calidad-del-aceite-de-oliva-virgen-extra-evooleum-awards\/#primaryimage\"},\"thumbnailUrl\":\"https:\/\/autelec.es\/wp-content\/uploads\/2024\/02\/Joaquin-Reyes-Embajador-del-aceite-de-oliva.jpg\",\"datePublished\":\"2024-02-12T11:53:34+00:00\",\"dateModified\":\"2024-02-12T11:53:35+00:00\",\"author\":{\"@id\":\"https:\/\/autelec.es\/#\/schema\/person\/383db1ae4c98d38da90f442f167db8f4\"},\"description\":\"Maquinarias aceite de oliva\",\"breadcrumb\":{\"@id\":\"https:\/\/autelec.es\/la-gala-de-los-premios-internacionales-a-la-calidad-del-aceite-de-oliva-virgen-extra-evooleum-awards\/#breadcrumb\"},\"inLanguage\":\"fr-FR\",\"potentialAction\":[{\"@type\":\"ReadAction\",\"target\":[\"https:\/\/autelec.es\/la-gala-de-los-premios-internacionales-a-la-calidad-del-aceite-de-oliva-virgen-extra-evooleum-awards\/\"]}]},{\"@type\":\"ImageObject\",\"inLanguage\":\"fr-FR\",\"@id\":\"https:\/\/autelec.es\/la-gala-de-los-premios-internacionales-a-la-calidad-del-aceite-de-oliva-virgen-extra-evooleum-awards\/#primaryimage\",\"url\":\"https:\/\/autelec.es\/wp-content\/uploads\/2024\/02\/Joaquin-Reyes-Embajador-del-aceite-de-oliva.jpg\",\"contentUrl\":\"https:\/\/autelec.es\/wp-content\/uploads\/2024\/02\/Joaquin-Reyes-Embajador-del-aceite-de-oliva.jpg\",\"width\":1255,\"height\":1037},{\"@type\":\"BreadcrumbList\",\"@id\":\"https:\/\/autelec.es\/la-gala-de-los-premios-internacionales-a-la-calidad-del-aceite-de-oliva-virgen-extra-evooleum-awards\/#breadcrumb\",\"itemListElement\":[{\"@type\":\"ListItem\",\"position\":1,\"name\":\"Portada\",\"item\":\"https:\/\/autelec.es\/\"},{\"@type\":\"ListItem\",\"position\":2,\"name\":\"Le Gala des Prix Internationaux de la Qualit\u00e9 de l&rsquo;Huile d&rsquo;Olive Extra Vierge EVOOLEUM Awards\"}]},{\"@type\":\"WebSite\",\"@id\":\"https:\/\/autelec.es\/#website\",\"url\":\"https:\/\/autelec.es\/\",\"name\":\"Autelec\",\"description\":\"Otro sitio realizado con WordPress\",\"potentialAction\":[{\"@type\":\"SearchAction\",\"target\":{\"@type\":\"EntryPoint\",\"urlTemplate\":\"https:\/\/autelec.es\/?s={search_term_string}\"},\"query-input\":{\"@type\":\"PropertyValueSpecification\",\"valueRequired\":true,\"valueName\":\"search_term_string\"}}],\"inLanguage\":\"fr-FR\"},{\"@type\":\"Person\",\"@id\":\"https:\/\/autelec.es\/#\/schema\/person\/383db1ae4c98d38da90f442f167db8f4\",\"name\":\"Autelec\",\"url\":\"https:\/\/autelec.es\/fr\/author\/wp_sp\/\"}]}<\/script>\n<!-- \/ Yoast SEO plugin. -->","yoast_head_json":{"title":"Le Gala des Prix Internationaux de la Qualit\u00e9 de l'Huile d'Olive Extra Vierge EVOOLEUM Awards &#187; Autelec","description":"Maquinarias aceite de oliva","robots":{"index":"index","follow":"follow","max-snippet":"max-snippet:-1","max-image-preview":"max-image-preview:large","max-video-preview":"max-video-preview:-1"},"canonical":"https:\/\/autelec.es\/la-gala-de-los-premios-internacionales-a-la-calidad-del-aceite-de-oliva-virgen-extra-evooleum-awards\/","og_locale":"fr_FR","og_type":"article","og_title":"Le Gala des Prix Internationaux de la Qualit\u00e9 de l'Huile d'Olive Extra Vierge EVOOLEUM Awards &#187; Autelec","og_description":"Maquinarias aceite de oliva","og_url":"https:\/\/autelec.es\/la-gala-de-los-premios-internacionales-a-la-calidad-del-aceite-de-oliva-virgen-extra-evooleum-awards\/","og_site_name":"Autelec","article_publisher":"https:\/\/www.facebook.com\/autelec.tecnologia.sl\/","article_published_time":"2024-02-12T11:53:34+00:00","article_modified_time":"2024-02-12T11:53:35+00:00","og_image":[{"width":1255,"height":1037,"url":"https:\/\/autelec.es\/wp-content\/uploads\/2024\/02\/Joaquin-Reyes-Embajador-del-aceite-de-oliva.jpg","type":"image\/jpeg"}],"author":"Autelec","twitter_card":"summary_large_image","twitter_creator":"@autelec","twitter_site":"@autelec","twitter_misc":{"\u00c9crit par":"Autelec","Dur\u00e9e de lecture estim\u00e9e":"3 minutes"},"schema":{"@context":"https:\/\/schema.org","@graph":[{"@type":"Article","@id":"https:\/\/autelec.es\/la-gala-de-los-premios-internacionales-a-la-calidad-del-aceite-de-oliva-virgen-extra-evooleum-awards\/#article","isPartOf":{"@id":"https:\/\/autelec.es\/la-gala-de-los-premios-internacionales-a-la-calidad-del-aceite-de-oliva-virgen-extra-evooleum-awards\/"},"author":{"name":"Autelec","@id":"https:\/\/autelec.es\/#\/schema\/person\/383db1ae4c98d38da90f442f167db8f4"},"headline":"Le Gala des Prix Internationaux de la Qualit\u00e9 de l&rsquo;Huile d&rsquo;Olive Extra Vierge EVOOLEUM Awards","datePublished":"2024-02-12T11:53:34+00:00","dateModified":"2024-02-12T11:53:35+00:00","mainEntityOfPage":{"@id":"https:\/\/autelec.es\/la-gala-de-los-premios-internacionales-a-la-calidad-del-aceite-de-oliva-virgen-extra-evooleum-awards\/"},"wordCount":731,"commentCount":0,"image":{"@id":"https:\/\/autelec.es\/la-gala-de-los-premios-internacionales-a-la-calidad-del-aceite-de-oliva-virgen-extra-evooleum-awards\/#primaryimage"},"thumbnailUrl":"https:\/\/autelec.es\/wp-content\/uploads\/2024\/02\/Joaquin-Reyes-Embajador-del-aceite-de-oliva.jpg","articleSection":["Non classifi\u00e9(e)"],"inLanguage":"fr-FR","potentialAction":[{"@type":"CommentAction","name":"Comment","target":["https:\/\/autelec.es\/la-gala-de-los-premios-internacionales-a-la-calidad-del-aceite-de-oliva-virgen-extra-evooleum-awards\/#respond"]}]},{"@type":"WebPage","@id":"https:\/\/autelec.es\/la-gala-de-los-premios-internacionales-a-la-calidad-del-aceite-de-oliva-virgen-extra-evooleum-awards\/","url":"https:\/\/autelec.es\/la-gala-de-los-premios-internacionales-a-la-calidad-del-aceite-de-oliva-virgen-extra-evooleum-awards\/","name":"Le Gala des Prix Internationaux de la Qualit\u00e9 de l'Huile d'Olive Extra Vierge EVOOLEUM Awards &#187; Autelec","isPartOf":{"@id":"https:\/\/autelec.es\/#website"},"primaryImageOfPage":{"@id":"https:\/\/autelec.es\/la-gala-de-los-premios-internacionales-a-la-calidad-del-aceite-de-oliva-virgen-extra-evooleum-awards\/#primaryimage"},"image":{"@id":"https:\/\/autelec.es\/la-gala-de-los-premios-internacionales-a-la-calidad-del-aceite-de-oliva-virgen-extra-evooleum-awards\/#primaryimage"},"thumbnailUrl":"https:\/\/autelec.es\/wp-content\/uploads\/2024\/02\/Joaquin-Reyes-Embajador-del-aceite-de-oliva.jpg","datePublished":"2024-02-12T11:53:34+00:00","dateModified":"2024-02-12T11:53:35+00:00","author":{"@id":"https:\/\/autelec.es\/#\/schema\/person\/383db1ae4c98d38da90f442f167db8f4"},"description":"Maquinarias aceite de oliva","breadcrumb":{"@id":"https:\/\/autelec.es\/la-gala-de-los-premios-internacionales-a-la-calidad-del-aceite-de-oliva-virgen-extra-evooleum-awards\/#breadcrumb"},"inLanguage":"fr-FR","potentialAction":[{"@type":"ReadAction","target":["https:\/\/autelec.es\/la-gala-de-los-premios-internacionales-a-la-calidad-del-aceite-de-oliva-virgen-extra-evooleum-awards\/"]}]},{"@type":"ImageObject","inLanguage":"fr-FR","@id":"https:\/\/autelec.es\/la-gala-de-los-premios-internacionales-a-la-calidad-del-aceite-de-oliva-virgen-extra-evooleum-awards\/#primaryimage","url":"https:\/\/autelec.es\/wp-content\/uploads\/2024\/02\/Joaquin-Reyes-Embajador-del-aceite-de-oliva.jpg","contentUrl":"https:\/\/autelec.es\/wp-content\/uploads\/2024\/02\/Joaquin-Reyes-Embajador-del-aceite-de-oliva.jpg","width":1255,"height":1037},{"@type":"BreadcrumbList","@id":"https:\/\/autelec.es\/la-gala-de-los-premios-internacionales-a-la-calidad-del-aceite-de-oliva-virgen-extra-evooleum-awards\/#breadcrumb","itemListElement":[{"@type":"ListItem","position":1,"name":"Portada","item":"https:\/\/autelec.es\/"},{"@type":"ListItem","position":2,"name":"Le Gala des Prix Internationaux de la Qualit\u00e9 de l&rsquo;Huile d&rsquo;Olive Extra Vierge EVOOLEUM Awards"}]},{"@type":"WebSite","@id":"https:\/\/autelec.es\/#website","url":"https:\/\/autelec.es\/","name":"Autelec","description":"Otro sitio realizado con WordPress","potentialAction":[{"@type":"SearchAction","target":{"@type":"EntryPoint","urlTemplate":"https:\/\/autelec.es\/?s={search_term_string}"},"query-input":{"@type":"PropertyValueSpecification","valueRequired":true,"valueName":"search_term_string"}}],"inLanguage":"fr-FR"},{"@type":"Person","@id":"https:\/\/autelec.es\/#\/schema\/person\/383db1ae4c98d38da90f442f167db8f4","name":"Autelec","url":"https:\/\/autelec.es\/fr\/author\/wp_sp\/"}]}},"_links":{"self":[{"href":"https:\/\/autelec.es\/fr\/wp-json\/wp\/v2\/posts\/2109","targetHints":{"allow":["GET"]}}],"collection":[{"href":"https:\/\/autelec.es\/fr\/wp-json\/wp\/v2\/posts"}],"about":[{"href":"https:\/\/autelec.es\/fr\/wp-json\/wp\/v2\/types\/post"}],"author":[{"embeddable":true,"href":"https:\/\/autelec.es\/fr\/wp-json\/wp\/v2\/users\/1"}],"replies":[{"embeddable":true,"href":"https:\/\/autelec.es\/fr\/wp-json\/wp\/v2\/comments?post=2109"}],"version-history":[{"count":2,"href":"https:\/\/autelec.es\/fr\/wp-json\/wp\/v2\/posts\/2109\/revisions"}],"predecessor-version":[{"id":2111,"href":"https:\/\/autelec.es\/fr\/wp-json\/wp\/v2\/posts\/2109\/revisions\/2111"}],"wp:featuredmedia":[{"embeddable":true,"href":"https:\/\/autelec.es\/fr\/wp-json\/wp\/v2\/media\/2095"}],"wp:attachment":[{"href":"https:\/\/autelec.es\/fr\/wp-json\/wp\/v2\/media?parent=2109"}],"wp:term":[{"taxonomy":"category","embeddable":true,"href":"https:\/\/autelec.es\/fr\/wp-json\/wp\/v2\/categories?post=2109"},{"taxonomy":"post_tag","embeddable":true,"href":"https:\/\/autelec.es\/fr\/wp-json\/wp\/v2\/tags?post=2109"}],"curies":[{"name":"wp","href":"https:\/\/api.w.org\/{rel}","templated":true}]}}