{"id":2112,"date":"2024-02-12T11:54:05","date_gmt":"2024-02-12T11:54:05","guid":{"rendered":"https:\/\/autelec.es\/icente-carot-chez-autelec-nous-essayons-de-faire-en-sorte-que-les-equipements-continuent-de-fonctionner-a-pleine-capacite-avec-le-moins-de-depenses-possible\/"},"modified":"2024-02-12T11:57:31","modified_gmt":"2024-02-12T11:57:31","slug":"icente-carot-chez-autelec-nous-essayons-de-faire-en-sorte-que-les-equipements-continuent-de-fonctionner-a-pleine-capacite-avec-le-moins-de-depenses-possible","status":"publish","type":"post","link":"https:\/\/autelec.es\/fr\/icente-carot-chez-autelec-nous-essayons-de-faire-en-sorte-que-les-equipements-continuent-de-fonctionner-a-pleine-capacite-avec-le-moins-de-depenses-possible\/","title":{"rendered":"icente Carot : \u00ab\u00a0Chez AUTELEC, nous essayons de faire en sorte que les \u00e9quipements continuent de fonctionner \u00e0 pleine capacit\u00e9 avec le moins de d\u00e9penses possible\u00a0\u00bb"},"content":{"rendered":"[vc_row type=\u00a0\u00bbin_container\u00a0\u00bb full_screen_row_position=\u00a0\u00bbmiddle\u00a0\u00bb column_margin=\u00a0\u00bbdefault\u00a0\u00bb column_direction=\u00a0\u00bbdefault\u00a0\u00bb column_direction_tablet=\u00a0\u00bbdefault\u00a0\u00bb column_direction_phone=\u00a0\u00bbdefault\u00a0\u00bb scene_position=\u00a0\u00bbcenter\u00a0\u00bb text_color=\u00a0\u00bbdark\u00a0\u00bb text_align=\u00a0\u00bbleft\u00a0\u00bb row_border_radius=\u00a0\u00bbnone\u00a0\u00bb row_border_radius_applies=\u00a0\u00bbbg\u00a0\u00bb overflow=\u00a0\u00bbvisible\u00a0\u00bb overlay_strength=\u00a0\u00bb0.3&Prime; gradient_direction=\u00a0\u00bbleft_to_right\u00a0\u00bb shape_divider_position=\u00a0\u00bbbottom\u00a0\u00bb bg_image_animation=\u00a0\u00bbnone\u00a0\u00bb][vc_column column_padding=\u00a0\u00bbno-extra-padding\u00a0\u00bb column_padding_tablet=\u00a0\u00bbinherit\u00a0\u00bb column_padding_phone=\u00a0\u00bbinherit\u00a0\u00bb column_padding_position=\u00a0\u00bball\u00a0\u00bb column_element_spacing=\u00a0\u00bbdefault\u00a0\u00bb centered_text=\u00a0\u00bbtrue\u00a0\u00bb background_color_opacity=\u00a0\u00bb1&Prime; background_hover_color_opacity=\u00a0\u00bb1&Prime; column_shadow=\u00a0\u00bbnone\u00a0\u00bb column_border_radius=\u00a0\u00bbnone\u00a0\u00bb column_link_target=\u00a0\u00bb_self\u00a0\u00bb column_position=\u00a0\u00bbdefault\u00a0\u00bb advanced_gradient_angle=\u00a0\u00bb0&Prime; gradient_direction=\u00a0\u00bbleft_to_right\u00a0\u00bb overlay_strength=\u00a0\u00bb0.3&Prime; width=\u00a0\u00bb1\/1&Prime; tablet_width_inherit=\u00a0\u00bbdefault\u00a0\u00bb tablet_text_alignment=\u00a0\u00bbdefault\u00a0\u00bb phone_text_alignment=\u00a0\u00bbdefault\u00a0\u00bb animation_type=\u00a0\u00bbdefault\u00a0\u00bb bg_image_animation=\u00a0\u00bbnone\u00a0\u00bb border_type=\u00a0\u00bbsimple\u00a0\u00bb column_border_width=\u00a0\u00bbnone\u00a0\u00bb column_border_style=\u00a0\u00bbsolid\u00a0\u00bb gradient_type=\u00a0\u00bbdefault\u00a0\u00bb][vc_column_text]\n<p class=\"p1\"><b>Dans cette nouvelle interview pour conna\u00eetre l&rsquo;opinion des <\/b><b>fournisseurs du secteur, nous nous entretenons avec Vicente Carot, <\/b><span class=\"s1\" ><b >responsable de <\/b><\/span><b>Technologie AUTELEC<\/b><span class=\"s1\"><b>.<\/b><\/span><\/p>\n[\/vc_column_text][divider line_type=\u00a0\u00bbNo Line\u00a0\u00bb custom_height=\u00a0\u00bb50&Prime;][vc_column_text]\n<div class=\"page\" title=\"Page 1\">\n<div class=\"layoutArea\">\n<div class=\"colonne\">\n<div class=\"page\" title=\"Page 1\">\n<div class=\"layoutArea\">\n<div class=\"colonne\">\n<p class=\"p1\"><b>Dans un sc\u00e9nario et dans une campagne aussi atypique que celles actuelles, qu&rsquo;est-ce qui vous diff\u00e9rencie du reste des entreprises de votre <\/b><b>segment ?<\/b> <\/p>\n<p class=\"p1\">Depuis 35 ans que je travaille dans ce secteur, je ne me souviens pas d&rsquo;une campagne aussi atypique que celle de 2022\/23, au cours de laquelle la p\u00e9nurie d&rsquo;olives a touch\u00e9 non seulement l&rsquo;Espagne, mais aussi le Portugal. Une situation si g\u00e9n\u00e9rique que j\u2019esp\u00e8re qu\u2019elle est exceptionnelle, m\u00eame si nous ne devons pas consid\u00e9rer cette exception comme la norme. De notre c\u00f4t\u00e9, et toujours \u00e0 l&rsquo;\u00e9coute des producteurs, nous essayons \u00e0 tout prix de garantir que leurs \u00e9quipements, peu importe le nombre d&rsquo;ann\u00e9es de fonctionnement, continuent de fonctionner \u00e0 pleine capacit\u00e9 avec le co\u00fbt le plus bas possible. De cette mani\u00e8re, nous collaborons avec les professionnels en ces temps o\u00f9 leurs revenus ont diminu\u00e9. Cela a toujours \u00e9t\u00e9 et continue d\u2019\u00eatre notre engagement envers nos clients. Nous avons lanc\u00e9 une nouvelle machine d&#8217;emballage plus \u00e9conomique et compacte. Face \u00e0 ces situations anormales, nous devons nous adapter, sans faire de man\u0153uvres brusques qui nous \u00e9loignent de la ligne que le temps pass\u00e9 nous guide.<\/p>\n<p class=\"p1\"><b>Quelles solutions et\/ou produits proposez-vous aux producteurs pour s&rsquo;adapter \u00e0 cette situation ?<\/b><\/p>\n<p class=\"p1\">De notre c\u00f4t\u00e9, nous avons lanc\u00e9 une nouvelle machine de conditionnement plus \u00e9conomique et compacte. De plus, nous avons int\u00e9gr\u00e9 la fonction ECO \u00e0 notre machine de conditionnement, ce qui r\u00e9duit consid\u00e9rablement la consommation d&rsquo;\u00e9nergie. Et enfin, comme nous l&rsquo;avons toujours fait, nous continuons \u00e0 maintenir un service technique t\u00e9l\u00e9phonique gratuit pour tous nos clients.<\/p>\n<p class=\"p1\"><b>De nombreux producteurs ont bon espoir pour la prochaine campagne, esp\u00e9rant revenir aux chiffres de production habituels <\/b><b>et m\u00eame les d\u00e9passer gr\u00e2ce \u00e0 la nouvelle oliveraie qui entre en production. . Partagez-vous cet avis ? <\/b><b>Quelle perception avez-vous du futur \u00e0 court terme ?<\/b><\/p>\n<p class=\"p1\">La nature sait s&rsquo;adapter et m\u00eame si l&rsquo;on s&rsquo;attend \u00e0 ce que la prochaine campagne ne soit pas un record de production, dans de nombreuses r\u00e9gions, la situation se sera normalis\u00e9e. En revanche, je pense que cela sera compens\u00e9 par l&rsquo;augmentation exponentielle de la production des oliviers encore jeunes r\u00e9cemment plant\u00e9s dans toute la p\u00e9ninsule.<\/p>\n<\/div>\n<\/div>\n<\/div>\n<\/div>\n<\/div>\n<\/div>\n[\/vc_column_text][divider line_type=\u00a0\u00bbNo Line\u00a0\u00bb custom_height=\u00a0\u00bb50&Prime;][nectar_btn size=\u00a0\u00bblarge\u00a0\u00bb button_style=\u00a0\u00bbregular\u00a0\u00bb button_color_2=\u00a0\u00bbAccent-Color\u00a0\u00bb icon_family=\u00a0\u00bbnone\u00a0\u00bb text=\u00a0\u00bb VOIR PDF\u00a0\u00bb url=\u00a0\u00bbhttps:\/\/autelec.es\/wp-content\/uploads\/2024\/02\/mercacei.com_imprimir-noticia.asp_noti601902.pdf\u00a0\u00bb][\/vc_column][\/vc_row]\n","protected":false},"excerpt":{"rendered":"<p>[vc_row type=\u00a0\u00bbin_container\u00a0\u00bb full_screen_row_position=\u00a0\u00bbmiddle\u00a0\u00bb column_margin=\u00a0\u00bbdefault\u00a0\u00bb column_direction=\u00a0\u00bbdefault\u00a0\u00bb column_direction_tablet=\u00a0\u00bbdefault\u00a0\u00bb column_direction_phone=\u00a0\u00bbdefault\u00a0\u00bb scene_position=\u00a0\u00bbcenter\u00a0\u00bb text_color=\u00a0\u00bbdark\u00a0\u00bb text_align=\u00a0\u00bbleft\u00a0\u00bb row_border_radius=\u00a0\u00bbnone\u00a0\u00bb row_border_radius_applies=\u00a0\u00bbbg\u00a0\u00bb overflow=\u00a0\u00bbvisible\u00a0\u00bb overlay_strength=\u00a0\u00bb0.3&Prime; gradient_direction=\u00a0\u00bbleft_to_right\u00a0\u00bb shape_divider_position=\u00a0\u00bbbottom\u00a0\u00bb bg_image_animation=\u00a0\u00bbnone\u00a0\u00bb][vc_column column_padding=\u00a0\u00bbno-extra-padding\u00a0\u00bb column_padding_tablet=\u00a0\u00bbinherit\u00a0\u00bb column_padding_phone=\u00a0\u00bbinherit\u00a0\u00bb column_padding_position=\u00a0\u00bball\u00a0\u00bb column_element_spacing=\u00a0\u00bbdefault\u00a0\u00bb centered_text=\u00a0\u00bbtrue\u00a0\u00bb background_color_opacity=\u00a0\u00bb1&Prime; background_hover_color_opacity=\u00a0\u00bb1&Prime; column_shadow=\u00a0\u00bbnone\u00a0\u00bb column_border_radius=\u00a0\u00bbnone\u00a0\u00bb column_link_target=\u00a0\u00bb_self\u00a0\u00bb column_position=\u00a0\u00bbdefault\u00a0\u00bb advanced_gradient_angle=\u00a0\u00bb0&Prime;&#8230;<\/p>\n","protected":false},"author":1,"featured_media":2089,"comment_status":"open","ping_status":"open","sticky":false,"template":"","format":"standard","meta":{"_exactmetrics_skip_tracking":false,"_exactmetrics_sitenote_active":false,"_exactmetrics_sitenote_note":"","_exactmetrics_sitenote_category":0,"footnotes":""},"categories":[46],"tags":[],"class_list":{"0":"post-2112","1":"post","2":"type-post","3":"status-publish","4":"format-standard","5":"has-post-thumbnail","7":"category-non-classifiee"},"yoast_head":"<!-- This site is optimized with the Yoast SEO plugin v26.9 - https:\/\/yoast.com\/product\/yoast-seo-wordpress\/ -->\n<title>icente Carot : &quot;Chez AUTELEC, nous essayons de faire en sorte que les \u00e9quipements continuent de fonctionner \u00e0 pleine capacit\u00e9 avec le moins de d\u00e9penses possible&quot; &#187; Autelec<\/title>\n<meta name=\"description\" content=\"Maquinarias aceite de oliva\" \/>\n<meta name=\"robots\" content=\"index, follow, max-snippet:-1, max-image-preview:large, max-video-preview:-1\" \/>\n<link rel=\"canonical\" href=\"https:\/\/autelec.es\/vicente-carot-desde-autelec-intentamos-que-los-equipos-continuen-funcionando-a-pleno-rendimiento-con-el-menor-gasto-posible\/\" \/>\n<meta property=\"og:locale\" content=\"fr_FR\" \/>\n<meta property=\"og:type\" content=\"article\" \/>\n<meta property=\"og:title\" content=\"icente Carot : &quot;Chez AUTELEC, nous essayons de faire en sorte que les \u00e9quipements continuent de fonctionner \u00e0 pleine capacit\u00e9 avec le moins de d\u00e9penses possible&quot; &#187; Autelec\" \/>\n<meta property=\"og:description\" content=\"Maquinarias aceite de oliva\" \/>\n<meta property=\"og:url\" content=\"https:\/\/autelec.es\/vicente-carot-desde-autelec-intentamos-que-los-equipos-continuen-funcionando-a-pleno-rendimiento-con-el-menor-gasto-posible\/\" \/>\n<meta property=\"og:site_name\" content=\"Autelec\" \/>\n<meta property=\"article:publisher\" content=\"https:\/\/www.facebook.com\/autelec.tecnologia.sl\/\" \/>\n<meta property=\"article:published_time\" content=\"2024-02-12T11:54:05+00:00\" \/>\n<meta property=\"article:modified_time\" content=\"2024-02-12T11:57:31+00:00\" \/>\n<meta property=\"og:image\" content=\"https:\/\/autelec.es\/wp-content\/uploads\/2024\/02\/vicent-carot.jpg\" \/>\n\t<meta property=\"og:image:width\" content=\"726\" \/>\n\t<meta property=\"og:image:height\" content=\"1000\" \/>\n\t<meta property=\"og:image:type\" content=\"image\/jpeg\" \/>\n<meta name=\"author\" content=\"Autelec\" \/>\n<meta name=\"twitter:card\" content=\"summary_large_image\" \/>\n<meta name=\"twitter:creator\" content=\"@autelec\" \/>\n<meta name=\"twitter:site\" content=\"@autelec\" \/>\n<meta name=\"twitter:label1\" content=\"\u00c9crit par\" \/>\n\t<meta name=\"twitter:data1\" content=\"Autelec\" \/>\n\t<meta name=\"twitter:label2\" content=\"Dur\u00e9e de lecture estim\u00e9e\" \/>\n\t<meta name=\"twitter:data2\" content=\"3 minutes\" \/>\n<script type=\"application\/ld+json\" class=\"yoast-schema-graph\">{\"@context\":\"https:\/\/schema.org\",\"@graph\":[{\"@type\":\"Article\",\"@id\":\"https:\/\/autelec.es\/vicente-carot-desde-autelec-intentamos-que-los-equipos-continuen-funcionando-a-pleno-rendimiento-con-el-menor-gasto-posible\/#article\",\"isPartOf\":{\"@id\":\"https:\/\/autelec.es\/vicente-carot-desde-autelec-intentamos-que-los-equipos-continuen-funcionando-a-pleno-rendimiento-con-el-menor-gasto-posible\/\"},\"author\":{\"name\":\"Autelec\",\"@id\":\"https:\/\/autelec.es\/#\/schema\/person\/383db1ae4c98d38da90f442f167db8f4\"},\"headline\":\"icente Carot : \u00ab\u00a0Chez AUTELEC, nous essayons de faire en sorte que les \u00e9quipements continuent de fonctionner \u00e0 pleine capacit\u00e9 avec le moins de d\u00e9penses possible\u00a0\u00bb\",\"datePublished\":\"2024-02-12T11:54:05+00:00\",\"dateModified\":\"2024-02-12T11:57:31+00:00\",\"mainEntityOfPage\":{\"@id\":\"https:\/\/autelec.es\/vicente-carot-desde-autelec-intentamos-que-los-equipos-continuen-funcionando-a-pleno-rendimiento-con-el-menor-gasto-posible\/\"},\"wordCount\":638,\"commentCount\":0,\"image\":{\"@id\":\"https:\/\/autelec.es\/vicente-carot-desde-autelec-intentamos-que-los-equipos-continuen-funcionando-a-pleno-rendimiento-con-el-menor-gasto-posible\/#primaryimage\"},\"thumbnailUrl\":\"https:\/\/autelec.es\/wp-content\/uploads\/2024\/02\/vicent-carot.jpg\",\"articleSection\":[\"Non classifi\u00e9(e)\"],\"inLanguage\":\"fr-FR\",\"potentialAction\":[{\"@type\":\"CommentAction\",\"name\":\"Comment\",\"target\":[\"https:\/\/autelec.es\/vicente-carot-desde-autelec-intentamos-que-los-equipos-continuen-funcionando-a-pleno-rendimiento-con-el-menor-gasto-posible\/#respond\"]}]},{\"@type\":\"WebPage\",\"@id\":\"https:\/\/autelec.es\/vicente-carot-desde-autelec-intentamos-que-los-equipos-continuen-funcionando-a-pleno-rendimiento-con-el-menor-gasto-posible\/\",\"url\":\"https:\/\/autelec.es\/vicente-carot-desde-autelec-intentamos-que-los-equipos-continuen-funcionando-a-pleno-rendimiento-con-el-menor-gasto-posible\/\",\"name\":\"icente Carot : \\\"Chez AUTELEC, nous essayons de faire en sorte que les \u00e9quipements continuent de fonctionner \u00e0 pleine capacit\u00e9 avec le moins de d\u00e9penses possible\\\" &#187; Autelec\",\"isPartOf\":{\"@id\":\"https:\/\/autelec.es\/#website\"},\"primaryImageOfPage\":{\"@id\":\"https:\/\/autelec.es\/vicente-carot-desde-autelec-intentamos-que-los-equipos-continuen-funcionando-a-pleno-rendimiento-con-el-menor-gasto-posible\/#primaryimage\"},\"image\":{\"@id\":\"https:\/\/autelec.es\/vicente-carot-desde-autelec-intentamos-que-los-equipos-continuen-funcionando-a-pleno-rendimiento-con-el-menor-gasto-posible\/#primaryimage\"},\"thumbnailUrl\":\"https:\/\/autelec.es\/wp-content\/uploads\/2024\/02\/vicent-carot.jpg\",\"datePublished\":\"2024-02-12T11:54:05+00:00\",\"dateModified\":\"2024-02-12T11:57:31+00:00\",\"author\":{\"@id\":\"https:\/\/autelec.es\/#\/schema\/person\/383db1ae4c98d38da90f442f167db8f4\"},\"description\":\"Maquinarias aceite de oliva\",\"breadcrumb\":{\"@id\":\"https:\/\/autelec.es\/vicente-carot-desde-autelec-intentamos-que-los-equipos-continuen-funcionando-a-pleno-rendimiento-con-el-menor-gasto-posible\/#breadcrumb\"},\"inLanguage\":\"fr-FR\",\"potentialAction\":[{\"@type\":\"ReadAction\",\"target\":[\"https:\/\/autelec.es\/vicente-carot-desde-autelec-intentamos-que-los-equipos-continuen-funcionando-a-pleno-rendimiento-con-el-menor-gasto-posible\/\"]}]},{\"@type\":\"ImageObject\",\"inLanguage\":\"fr-FR\",\"@id\":\"https:\/\/autelec.es\/vicente-carot-desde-autelec-intentamos-que-los-equipos-continuen-funcionando-a-pleno-rendimiento-con-el-menor-gasto-posible\/#primaryimage\",\"url\":\"https:\/\/autelec.es\/wp-content\/uploads\/2024\/02\/vicent-carot.jpg\",\"contentUrl\":\"https:\/\/autelec.es\/wp-content\/uploads\/2024\/02\/vicent-carot.jpg\",\"width\":726,\"height\":1000},{\"@type\":\"BreadcrumbList\",\"@id\":\"https:\/\/autelec.es\/vicente-carot-desde-autelec-intentamos-que-los-equipos-continuen-funcionando-a-pleno-rendimiento-con-el-menor-gasto-posible\/#breadcrumb\",\"itemListElement\":[{\"@type\":\"ListItem\",\"position\":1,\"name\":\"Portada\",\"item\":\"https:\/\/autelec.es\/\"},{\"@type\":\"ListItem\",\"position\":2,\"name\":\"icente Carot : \u00ab\u00a0Chez AUTELEC, nous essayons de faire en sorte que les \u00e9quipements continuent de fonctionner \u00e0 pleine capacit\u00e9 avec le moins de d\u00e9penses possible\u00a0\u00bb\"}]},{\"@type\":\"WebSite\",\"@id\":\"https:\/\/autelec.es\/#website\",\"url\":\"https:\/\/autelec.es\/\",\"name\":\"Autelec\",\"description\":\"Otro sitio realizado con WordPress\",\"potentialAction\":[{\"@type\":\"SearchAction\",\"target\":{\"@type\":\"EntryPoint\",\"urlTemplate\":\"https:\/\/autelec.es\/?s={search_term_string}\"},\"query-input\":{\"@type\":\"PropertyValueSpecification\",\"valueRequired\":true,\"valueName\":\"search_term_string\"}}],\"inLanguage\":\"fr-FR\"},{\"@type\":\"Person\",\"@id\":\"https:\/\/autelec.es\/#\/schema\/person\/383db1ae4c98d38da90f442f167db8f4\",\"name\":\"Autelec\",\"url\":\"https:\/\/autelec.es\/fr\/author\/wp_sp\/\"}]}<\/script>\n<!-- \/ Yoast SEO plugin. -->","yoast_head_json":{"title":"icente Carot : \"Chez AUTELEC, nous essayons de faire en sorte que les \u00e9quipements continuent de fonctionner \u00e0 pleine capacit\u00e9 avec le moins de d\u00e9penses possible\" &#187; Autelec","description":"Maquinarias aceite de oliva","robots":{"index":"index","follow":"follow","max-snippet":"max-snippet:-1","max-image-preview":"max-image-preview:large","max-video-preview":"max-video-preview:-1"},"canonical":"https:\/\/autelec.es\/vicente-carot-desde-autelec-intentamos-que-los-equipos-continuen-funcionando-a-pleno-rendimiento-con-el-menor-gasto-posible\/","og_locale":"fr_FR","og_type":"article","og_title":"icente Carot : \"Chez AUTELEC, nous essayons de faire en sorte que les \u00e9quipements continuent de fonctionner \u00e0 pleine capacit\u00e9 avec le moins de d\u00e9penses possible\" &#187; Autelec","og_description":"Maquinarias aceite de oliva","og_url":"https:\/\/autelec.es\/vicente-carot-desde-autelec-intentamos-que-los-equipos-continuen-funcionando-a-pleno-rendimiento-con-el-menor-gasto-posible\/","og_site_name":"Autelec","article_publisher":"https:\/\/www.facebook.com\/autelec.tecnologia.sl\/","article_published_time":"2024-02-12T11:54:05+00:00","article_modified_time":"2024-02-12T11:57:31+00:00","og_image":[{"width":726,"height":1000,"url":"https:\/\/autelec.es\/wp-content\/uploads\/2024\/02\/vicent-carot.jpg","type":"image\/jpeg"}],"author":"Autelec","twitter_card":"summary_large_image","twitter_creator":"@autelec","twitter_site":"@autelec","twitter_misc":{"\u00c9crit par":"Autelec","Dur\u00e9e de lecture estim\u00e9e":"3 minutes"},"schema":{"@context":"https:\/\/schema.org","@graph":[{"@type":"Article","@id":"https:\/\/autelec.es\/vicente-carot-desde-autelec-intentamos-que-los-equipos-continuen-funcionando-a-pleno-rendimiento-con-el-menor-gasto-posible\/#article","isPartOf":{"@id":"https:\/\/autelec.es\/vicente-carot-desde-autelec-intentamos-que-los-equipos-continuen-funcionando-a-pleno-rendimiento-con-el-menor-gasto-posible\/"},"author":{"name":"Autelec","@id":"https:\/\/autelec.es\/#\/schema\/person\/383db1ae4c98d38da90f442f167db8f4"},"headline":"icente Carot : \u00ab\u00a0Chez AUTELEC, nous essayons de faire en sorte que les \u00e9quipements continuent de fonctionner \u00e0 pleine capacit\u00e9 avec le moins de d\u00e9penses possible\u00a0\u00bb","datePublished":"2024-02-12T11:54:05+00:00","dateModified":"2024-02-12T11:57:31+00:00","mainEntityOfPage":{"@id":"https:\/\/autelec.es\/vicente-carot-desde-autelec-intentamos-que-los-equipos-continuen-funcionando-a-pleno-rendimiento-con-el-menor-gasto-posible\/"},"wordCount":638,"commentCount":0,"image":{"@id":"https:\/\/autelec.es\/vicente-carot-desde-autelec-intentamos-que-los-equipos-continuen-funcionando-a-pleno-rendimiento-con-el-menor-gasto-posible\/#primaryimage"},"thumbnailUrl":"https:\/\/autelec.es\/wp-content\/uploads\/2024\/02\/vicent-carot.jpg","articleSection":["Non classifi\u00e9(e)"],"inLanguage":"fr-FR","potentialAction":[{"@type":"CommentAction","name":"Comment","target":["https:\/\/autelec.es\/vicente-carot-desde-autelec-intentamos-que-los-equipos-continuen-funcionando-a-pleno-rendimiento-con-el-menor-gasto-posible\/#respond"]}]},{"@type":"WebPage","@id":"https:\/\/autelec.es\/vicente-carot-desde-autelec-intentamos-que-los-equipos-continuen-funcionando-a-pleno-rendimiento-con-el-menor-gasto-posible\/","url":"https:\/\/autelec.es\/vicente-carot-desde-autelec-intentamos-que-los-equipos-continuen-funcionando-a-pleno-rendimiento-con-el-menor-gasto-posible\/","name":"icente Carot : \"Chez AUTELEC, nous essayons de faire en sorte que les \u00e9quipements continuent de fonctionner \u00e0 pleine capacit\u00e9 avec le moins de d\u00e9penses possible\" &#187; Autelec","isPartOf":{"@id":"https:\/\/autelec.es\/#website"},"primaryImageOfPage":{"@id":"https:\/\/autelec.es\/vicente-carot-desde-autelec-intentamos-que-los-equipos-continuen-funcionando-a-pleno-rendimiento-con-el-menor-gasto-posible\/#primaryimage"},"image":{"@id":"https:\/\/autelec.es\/vicente-carot-desde-autelec-intentamos-que-los-equipos-continuen-funcionando-a-pleno-rendimiento-con-el-menor-gasto-posible\/#primaryimage"},"thumbnailUrl":"https:\/\/autelec.es\/wp-content\/uploads\/2024\/02\/vicent-carot.jpg","datePublished":"2024-02-12T11:54:05+00:00","dateModified":"2024-02-12T11:57:31+00:00","author":{"@id":"https:\/\/autelec.es\/#\/schema\/person\/383db1ae4c98d38da90f442f167db8f4"},"description":"Maquinarias aceite de oliva","breadcrumb":{"@id":"https:\/\/autelec.es\/vicente-carot-desde-autelec-intentamos-que-los-equipos-continuen-funcionando-a-pleno-rendimiento-con-el-menor-gasto-posible\/#breadcrumb"},"inLanguage":"fr-FR","potentialAction":[{"@type":"ReadAction","target":["https:\/\/autelec.es\/vicente-carot-desde-autelec-intentamos-que-los-equipos-continuen-funcionando-a-pleno-rendimiento-con-el-menor-gasto-posible\/"]}]},{"@type":"ImageObject","inLanguage":"fr-FR","@id":"https:\/\/autelec.es\/vicente-carot-desde-autelec-intentamos-que-los-equipos-continuen-funcionando-a-pleno-rendimiento-con-el-menor-gasto-posible\/#primaryimage","url":"https:\/\/autelec.es\/wp-content\/uploads\/2024\/02\/vicent-carot.jpg","contentUrl":"https:\/\/autelec.es\/wp-content\/uploads\/2024\/02\/vicent-carot.jpg","width":726,"height":1000},{"@type":"BreadcrumbList","@id":"https:\/\/autelec.es\/vicente-carot-desde-autelec-intentamos-que-los-equipos-continuen-funcionando-a-pleno-rendimiento-con-el-menor-gasto-posible\/#breadcrumb","itemListElement":[{"@type":"ListItem","position":1,"name":"Portada","item":"https:\/\/autelec.es\/"},{"@type":"ListItem","position":2,"name":"icente Carot : \u00ab\u00a0Chez AUTELEC, nous essayons de faire en sorte que les \u00e9quipements continuent de fonctionner \u00e0 pleine capacit\u00e9 avec le moins de d\u00e9penses possible\u00a0\u00bb"}]},{"@type":"WebSite","@id":"https:\/\/autelec.es\/#website","url":"https:\/\/autelec.es\/","name":"Autelec","description":"Otro sitio realizado con WordPress","potentialAction":[{"@type":"SearchAction","target":{"@type":"EntryPoint","urlTemplate":"https:\/\/autelec.es\/?s={search_term_string}"},"query-input":{"@type":"PropertyValueSpecification","valueRequired":true,"valueName":"search_term_string"}}],"inLanguage":"fr-FR"},{"@type":"Person","@id":"https:\/\/autelec.es\/#\/schema\/person\/383db1ae4c98d38da90f442f167db8f4","name":"Autelec","url":"https:\/\/autelec.es\/fr\/author\/wp_sp\/"}]}},"_links":{"self":[{"href":"https:\/\/autelec.es\/fr\/wp-json\/wp\/v2\/posts\/2112","targetHints":{"allow":["GET"]}}],"collection":[{"href":"https:\/\/autelec.es\/fr\/wp-json\/wp\/v2\/posts"}],"about":[{"href":"https:\/\/autelec.es\/fr\/wp-json\/wp\/v2\/types\/post"}],"author":[{"embeddable":true,"href":"https:\/\/autelec.es\/fr\/wp-json\/wp\/v2\/users\/1"}],"replies":[{"embeddable":true,"href":"https:\/\/autelec.es\/fr\/wp-json\/wp\/v2\/comments?post=2112"}],"version-history":[{"count":4,"href":"https:\/\/autelec.es\/fr\/wp-json\/wp\/v2\/posts\/2112\/revisions"}],"predecessor-version":[{"id":2129,"href":"https:\/\/autelec.es\/fr\/wp-json\/wp\/v2\/posts\/2112\/revisions\/2129"}],"wp:featuredmedia":[{"embeddable":true,"href":"https:\/\/autelec.es\/fr\/wp-json\/wp\/v2\/media\/2089"}],"wp:attachment":[{"href":"https:\/\/autelec.es\/fr\/wp-json\/wp\/v2\/media?parent=2112"}],"wp:term":[{"taxonomy":"category","embeddable":true,"href":"https:\/\/autelec.es\/fr\/wp-json\/wp\/v2\/categories?post=2112"},{"taxonomy":"post_tag","embeddable":true,"href":"https:\/\/autelec.es\/fr\/wp-json\/wp\/v2\/tags?post=2112"}],"curies":[{"name":"wp","href":"https:\/\/api.w.org\/{rel}","templated":true}]}}