{"id":2360,"date":"2026-02-09T11:47:42","date_gmt":"2026-02-09T11:47:42","guid":{"rendered":"https:\/\/autelec.es\/autelec-tecnologia-sponsor-du-prix-international-de-la-nouvelle-sur-les-oliveraies-lhuile-dolive-et-le-tourisme-oleicole\/"},"modified":"2026-02-09T11:47:42","modified_gmt":"2026-02-09T11:47:42","slug":"autelec-tecnologia-sponsor-du-prix-international-de-la-nouvelle-sur-les-oliveraies-lhuile-dolive-et-le-tourisme-oleicole","status":"publish","type":"post","link":"https:\/\/autelec.es\/fr\/autelec-tecnologia-sponsor-du-prix-international-de-la-nouvelle-sur-les-oliveraies-lhuile-dolive-et-le-tourisme-oleicole\/","title":{"rendered":"Autelec Tecnolog\u00eda, sponsor du Prix international de la nouvelle sur les oliveraies, l&rsquo;huile d&rsquo;olive et le tourisme ol\u00e9icole"},"content":{"rendered":"[vc_row type=\u00a0\u00bbin_container\u00a0\u00bb full_screen_row_position=\u00a0\u00bbmiddle\u00a0\u00bb column_margin=\u00a0\u00bbdefault\u00a0\u00bb column_direction=\u00a0\u00bbdefault\u00a0\u00bb column_direction_tablet=\u00a0\u00bbdefault\u00a0\u00bb column_direction_phone=\u00a0\u00bbdefault\u00a0\u00bb scene_position=\u00a0\u00bbcenter\u00a0\u00bb text_color=\u00a0\u00bbdark\u00a0\u00bb text_align=\u00a0\u00bbleft\u00a0\u00bb row_border_radius=\u00a0\u00bbnone\u00a0\u00bb row_border_radius_applies=\u00a0\u00bbbg\u00a0\u00bb row_position_desktop=\u00a0\u00bbdefault\u00a0\u00bb row_position_tablet=\u00a0\u00bbinherit\u00a0\u00bb row_position_phone=\u00a0\u00bbinherit\u00a0\u00bb overflow=\u00a0\u00bbvisible\u00a0\u00bb overlay_strength=\u00a0\u00bb0.3&Prime; gradient_direction=\u00a0\u00bbleft_to_right\u00a0\u00bb shape_divider_position=\u00a0\u00bbbottom\u00a0\u00bb bg_image_animation=\u00a0\u00bbnone\u00a0\u00bb][vc_column column_padding=\u00a0\u00bbno-extra-padding\u00a0\u00bb column_padding_tablet=\u00a0\u00bbinherit\u00a0\u00bb column_padding_phone=\u00a0\u00bbinherit\u00a0\u00bb column_padding_position=\u00a0\u00bball\u00a0\u00bb flex_gap_desktop=\u00a0\u00bb10px\u00a0\u00bb column_element_direction_desktop=\u00a0\u00bbdefault\u00a0\u00bb column_element_spacing=\u00a0\u00bbdefault\u00a0\u00bb centered_text=\u00a0\u00bbtrue\u00a0\u00bb desktop_text_alignment=\u00a0\u00bbdefault\u00a0\u00bb tablet_text_alignment=\u00a0\u00bbdefault\u00a0\u00bb phone_text_alignment=\u00a0\u00bbdefault\u00a0\u00bb background_color_opacity=\u00a0\u00bb1&Prime; background_hover_color_opacity=\u00a0\u00bb1&Prime; column_backdrop_filter=\u00a0\u00bbnone\u00a0\u00bb column_shadow=\u00a0\u00bbnone\u00a0\u00bb column_border_radius=\u00a0\u00bbnone\u00a0\u00bb column_link_target=\u00a0\u00bb_self\u00a0\u00bb column_position=\u00a0\u00bbdefault\u00a0\u00bb advanced_gradient_angle=\u00a0\u00bb0&Prime; gradient_direction=\u00a0\u00bbleft_to_right\u00a0\u00bb overlay_strength=\u00a0\u00bb0.3&Prime; width=\u00a0\u00bb1\/1&Prime; tablet_width_inherit=\u00a0\u00bbdefault\u00a0\u00bb animation_type=\u00a0\u00bbdefault\u00a0\u00bb bg_image_animation=\u00a0\u00bbnone\u00a0\u00bb border_type=\u00a0\u00bbsimple\u00a0\u00bb column_border_width=\u00a0\u00bbnone\u00a0\u00bb column_border_style=\u00a0\u00bbsolid\u00a0\u00bb gradient_type=\u00a0\u00bbdefault\u00a0\u00bb][vc_column_text css=\u00a0\u00bb\u00a0\u00bb text_direction=\u00a0\u00bbdefault\u00a0\u00bb]\n<h2 style=\"text-align: center;\">Autelec Tecnolog\u00eda, sponsor du Prix international de la nouvelle sur les oliveraies, l&rsquo;huile d&rsquo;olive et le tourisme ol\u00e9icole<\/h2>\n[\/vc_column_text][divider line_type=\u00a0\u00bbNo Line\u00a0\u00bb custom_height=\u00a0\u00bb50&Prime;][vc_column_text css=\u00a0\u00bb\u00a0\u00bb text_direction=\u00a0\u00bbdefault\u00a0\u00bb]\n<p style=\"text-align: center;\" data-start=\"356\" data-end=\"725\">Autelec Tecnolog\u00eda s\u2019est jointe en tant qu\u2019entreprise m\u00e9c\u00e8ne du <strong data-start=\"424\" data-end=\"503\">Prix International de Nouvelles sur l\u2019Olivier, l\u2019Huile d\u2019Olive et l\u2019Ol\u00e9otourisme<\/strong>, un concours culturel organis\u00e9 par l\u2019Association Culturelle M\u00e1squecuentos et convoqu\u00e9 par Ferias Ja\u00e9n, qui s\u2019est impos\u00e9 comme une r\u00e9f\u00e9rence internationale dans la diffusion de la culture de l\u2019olivier et de l\u2019huile d\u2019olive.<\/p>\n<p><\/p>\n<p style=\"text-align: center;\" data-start=\"727\" data-end=\"1041\">Cette initiative, qui atteint en 2025 sa huiti\u00e8me \u00e9dition, relie litt\u00e9rature, territoire et secteur agroalimentaire, et b\u00e9n\u00e9ficie d\u2019une forte projection internationale. Lors de l\u2019\u00e9dition actuelle, plus de <strong data-start=\"937\" data-end=\"1003\">420 r\u00e9cits provenant de 21 pays et de 40 provinces espagnoles<\/strong> ont \u00e9t\u00e9 re\u00e7us, \u00e9tablissant un nouveau record de participation.<\/p>\n<p><\/p>\n<p style=\"text-align: center;\" data-start=\"1043\" data-end=\"1390\">La participation d\u2019Autelec Tecnolog\u00eda en tant que sponsor refl\u00e8te son <strong data-start=\"1114\" data-end=\"1157\">engagement fort envers le secteur ol\u00e9icole<\/strong>, dans lequel l\u2019entreprise op\u00e8re depuis des ann\u00e9es \u00e0 travers la conception et la fabrication d\u2019\u00e9quipements et de machines destin\u00e9s \u00e0 l\u2019industrie agroalimentaire, avec une sp\u00e9cialisation reconnue dans le domaine de l\u2019huile d\u2019olive.<\/p>\n<p><\/p>\n<p style=\"text-align: center;\" data-start=\"1392\" data-end=\"1821\">Selon son directeur g\u00e9n\u00e9ral, Vicente Carot, le soutien apport\u00e9 \u00e0 ce concours \u00ab refl\u00e8te l\u2019engagement d\u2019Autelec envers un secteur dans lequel nous jouissons d\u2019un prestige m\u00e9rit\u00e9, fond\u00e9 sur la qualit\u00e9, l\u2019innovation et la fiabilit\u00e9 de nos \u00e9quipements \u00bb. Il souligne \u00e9galement que ce concours \u00ab constitue un excellent canal pour offrir une visibilit\u00e9 internationale \u00e0 un secteur strat\u00e9gique, dans lequel Autelec commercialise d\u00e9j\u00e0 ses solutions dans pr\u00e8s d\u2019une vingtaine de pays \u00bb.<\/p>\n<p><\/p>\n<p style=\"text-align: center;\" data-start=\"1823\" data-end=\"2209\">Le concours b\u00e9n\u00e9ficie du soutien de nombreuses institutions et entit\u00e9s li\u00e9es aux domaines culturel, acad\u00e9mique et agroalimentaire, et se trouve actuellement en phase de <strong data-start=\"1995\" data-end=\"2015\">vote du public<\/strong>, ouverte jusqu\u2019au 31 octobre, pour l\u2019attribution des deux Prix du Public. Ce vote a d\u00e9j\u00e0 d\u00e9pass\u00e9 les <strong data-start=\"2140\" data-end=\"2156\">33 000 votes<\/strong>, t\u00e9moignant d\u2019un fort int\u00e9r\u00eat et d\u2019une grande implication du public.<\/p>\n<p><\/p>\n<p style=\"text-align: center;\" data-start=\"2211\" data-end=\"2465\">Outre ces distinctions, le concours pr\u00e9voit des prix dans les cat\u00e9gories de nouvelle et de micro-nouvelle, ainsi que des reconnaissances sp\u00e9ciales li\u00e9es \u00e0 la promotion de l\u2019huile d\u2019olive vierge extra (HOVE), \u00e0 la cr\u00e9ativit\u00e9 visuelle et au talent andalou.<\/p>\n<p><\/p>\n<p style=\"text-align: center;\" data-start=\"2467\" data-end=\"2759\">Par cette collaboration, Autelec Tecnolog\u00eda renforce son implication non seulement dans l\u2019innovation technologique appliqu\u00e9e au secteur ol\u00e9icole, mais aussi dans la <strong data-start=\"2620\" data-end=\"2684\">promotion culturelle, territoriale et sociale de l\u2019huile d\u2019olive<\/strong>, l\u2019un des principaux moteurs \u00e9conomiques et patrimoniaux de notre territoire.<\/p>\n[\/vc_column_text][divider line_type=\u00a0\u00bbNo Line\u00a0\u00bb custom_height=\u00a0\u00bb50&Prime;][image_with_animation image_url=\u00a0\u00bb2352&Prime; image_size=\u00a0\u00bbfull\u00a0\u00bb max_width=\u00a0\u00bb100%\u00a0\u00bb max_width_mobile=\u00a0\u00bbdefault\u00a0\u00bb animation_type=\u00a0\u00bbentrance\u00a0\u00bb animation=\u00a0\u00bbNone\u00a0\u00bb animation_movement_type=\u00a0\u00bbtransform_y\u00a0\u00bb hover_animation=\u00a0\u00bbnone\u00a0\u00bb alignment=\u00a0\u00bb\u00a0\u00bb border_radius=\u00a0\u00bbnone\u00a0\u00bb box_shadow=\u00a0\u00bbnone\u00a0\u00bb image_loading=\u00a0\u00bbdefault\u00a0\u00bb][\/vc_column][\/vc_row]\n","protected":false},"excerpt":{"rendered":"<p>[vc_row type=\u00a0\u00bbin_container\u00a0\u00bb full_screen_row_position=\u00a0\u00bbmiddle\u00a0\u00bb column_margin=\u00a0\u00bbdefault\u00a0\u00bb column_direction=\u00a0\u00bbdefault\u00a0\u00bb column_direction_tablet=\u00a0\u00bbdefault\u00a0\u00bb column_direction_phone=\u00a0\u00bbdefault\u00a0\u00bb scene_position=\u00a0\u00bbcenter\u00a0\u00bb text_color=\u00a0\u00bbdark\u00a0\u00bb text_align=\u00a0\u00bbleft\u00a0\u00bb row_border_radius=\u00a0\u00bbnone\u00a0\u00bb row_border_radius_applies=\u00a0\u00bbbg\u00a0\u00bb row_position_desktop=\u00a0\u00bbdefault\u00a0\u00bb row_position_tablet=\u00a0\u00bbinherit\u00a0\u00bb row_position_phone=\u00a0\u00bbinherit\u00a0\u00bb overflow=\u00a0\u00bbvisible\u00a0\u00bb overlay_strength=\u00a0\u00bb0.3&Prime; gradient_direction=\u00a0\u00bbleft_to_right\u00a0\u00bb shape_divider_position=\u00a0\u00bbbottom\u00a0\u00bb bg_image_animation=\u00a0\u00bbnone\u00a0\u00bb][vc_column column_padding=\u00a0\u00bbno-extra-padding\u00a0\u00bb column_padding_tablet=\u00a0\u00bbinherit\u00a0\u00bb column_padding_phone=\u00a0\u00bbinherit\u00a0\u00bb column_padding_position=\u00a0\u00bball\u00a0\u00bb flex_gap_desktop=\u00a0\u00bb10px\u00a0\u00bb column_element_direction_desktop=\u00a0\u00bbdefault\u00a0\u00bb column_element_spacing=\u00a0\u00bbdefault\u00a0\u00bb centered_text=\u00a0\u00bbtrue\u00a0\u00bb desktop_text_alignment=\u00a0\u00bbdefault\u00a0\u00bb tablet_text_alignment=\u00a0\u00bbdefault\u00a0\u00bb&#8230;<\/p>\n","protected":false},"author":1,"featured_media":2354,"comment_status":"open","ping_status":"open","sticky":false,"template":"","format":"standard","meta":{"_exactmetrics_skip_tracking":false,"_exactmetrics_sitenote_active":false,"_exactmetrics_sitenote_note":"","_exactmetrics_sitenote_category":0,"footnotes":""},"categories":[70],"tags":[],"class_list":{"0":"post-2360","1":"post","2":"type-post","3":"status-publish","4":"format-standard","5":"has-post-thumbnail","7":"category-actualites-autelec"},"yoast_head":"<!-- This site is optimized with the Yoast SEO plugin v26.9 - https:\/\/yoast.com\/product\/yoast-seo-wordpress\/ -->\n<title>Autelec Technology parraine le Prix international de la nouvelle<\/title>\n<meta name=\"description\" content=\"Autelec Tecnolog\u00eda devient sponsor du Prix international de la nouvelle sur les oliveraies, l&#039;huile d&#039;olive et le tourisme ol\u00e9icole.\" \/>\n<meta name=\"robots\" content=\"index, follow, max-snippet:-1, max-image-preview:large, max-video-preview:-1\" \/>\n<link rel=\"canonical\" href=\"https:\/\/autelec.es\/autelec-patrocina-premio-internacional-relatos\/\" \/>\n<meta property=\"og:locale\" content=\"fr_FR\" \/>\n<meta property=\"og:type\" content=\"article\" \/>\n<meta property=\"og:title\" content=\"Autelec Technology parraine le Prix international de la nouvelle\" \/>\n<meta property=\"og:description\" content=\"Autelec Tecnolog\u00eda devient sponsor du Prix international de la nouvelle sur les oliveraies, l&#039;huile d&#039;olive et le tourisme ol\u00e9icole.\" \/>\n<meta property=\"og:url\" content=\"https:\/\/autelec.es\/autelec-patrocina-premio-internacional-relatos\/\" \/>\n<meta property=\"og:site_name\" content=\"Autelec\" \/>\n<meta property=\"article:publisher\" content=\"https:\/\/www.facebook.com\/autelec.tecnologia.sl\/\" \/>\n<meta property=\"article:published_time\" content=\"2026-02-09T11:47:42+00:00\" \/>\n<meta property=\"og:image\" content=\"https:\/\/autelec.es\/wp-content\/uploads\/2026\/02\/Foto-Autelec-1.jpg\" \/>\n\t<meta property=\"og:image:width\" content=\"1300\" \/>\n\t<meta property=\"og:image:height\" content=\"975\" \/>\n\t<meta property=\"og:image:type\" content=\"image\/jpeg\" \/>\n<meta name=\"author\" content=\"Autelec\" \/>\n<meta name=\"twitter:card\" content=\"summary_large_image\" \/>\n<meta name=\"twitter:creator\" content=\"@autelec\" \/>\n<meta name=\"twitter:site\" content=\"@autelec\" \/>\n<meta name=\"twitter:label1\" content=\"\u00c9crit par\" \/>\n\t<meta name=\"twitter:data1\" content=\"Autelec\" \/>\n\t<meta name=\"twitter:label2\" content=\"Dur\u00e9e de lecture estim\u00e9e\" \/>\n\t<meta name=\"twitter:data2\" content=\"3 minutes\" \/>\n<script type=\"application\/ld+json\" class=\"yoast-schema-graph\">{\"@context\":\"https:\/\/schema.org\",\"@graph\":[{\"@type\":\"Article\",\"@id\":\"https:\/\/autelec.es\/autelec-patrocina-premio-internacional-relatos\/#article\",\"isPartOf\":{\"@id\":\"https:\/\/autelec.es\/autelec-patrocina-premio-internacional-relatos\/\"},\"author\":{\"name\":\"Autelec\",\"@id\":\"https:\/\/autelec.es\/#\/schema\/person\/383db1ae4c98d38da90f442f167db8f4\"},\"headline\":\"Autelec Tecnolog\u00eda, sponsor du Prix international de la nouvelle sur les oliveraies, l&rsquo;huile d&rsquo;olive et le tourisme ol\u00e9icole\",\"datePublished\":\"2026-02-09T11:47:42+00:00\",\"mainEntityOfPage\":{\"@id\":\"https:\/\/autelec.es\/autelec-patrocina-premio-internacional-relatos\/\"},\"wordCount\":712,\"commentCount\":0,\"image\":{\"@id\":\"https:\/\/autelec.es\/autelec-patrocina-premio-internacional-relatos\/#primaryimage\"},\"thumbnailUrl\":\"https:\/\/autelec.es\/wp-content\/uploads\/2026\/02\/Foto-Autelec-1.jpg\",\"articleSection\":[\"Actualit\u00e9s Autelec\"],\"inLanguage\":\"fr-FR\",\"potentialAction\":[{\"@type\":\"CommentAction\",\"name\":\"Comment\",\"target\":[\"https:\/\/autelec.es\/autelec-patrocina-premio-internacional-relatos\/#respond\"]}]},{\"@type\":\"WebPage\",\"@id\":\"https:\/\/autelec.es\/autelec-patrocina-premio-internacional-relatos\/\",\"url\":\"https:\/\/autelec.es\/autelec-patrocina-premio-internacional-relatos\/\",\"name\":\"Autelec Technology parraine le Prix international de la nouvelle\",\"isPartOf\":{\"@id\":\"https:\/\/autelec.es\/#website\"},\"primaryImageOfPage\":{\"@id\":\"https:\/\/autelec.es\/autelec-patrocina-premio-internacional-relatos\/#primaryimage\"},\"image\":{\"@id\":\"https:\/\/autelec.es\/autelec-patrocina-premio-internacional-relatos\/#primaryimage\"},\"thumbnailUrl\":\"https:\/\/autelec.es\/wp-content\/uploads\/2026\/02\/Foto-Autelec-1.jpg\",\"datePublished\":\"2026-02-09T11:47:42+00:00\",\"author\":{\"@id\":\"https:\/\/autelec.es\/#\/schema\/person\/383db1ae4c98d38da90f442f167db8f4\"},\"description\":\"Autelec Tecnolog\u00eda devient sponsor du Prix international de la nouvelle sur les oliveraies, l'huile d'olive et le tourisme ol\u00e9icole.\",\"breadcrumb\":{\"@id\":\"https:\/\/autelec.es\/autelec-patrocina-premio-internacional-relatos\/#breadcrumb\"},\"inLanguage\":\"fr-FR\",\"potentialAction\":[{\"@type\":\"ReadAction\",\"target\":[\"https:\/\/autelec.es\/autelec-patrocina-premio-internacional-relatos\/\"]}]},{\"@type\":\"ImageObject\",\"inLanguage\":\"fr-FR\",\"@id\":\"https:\/\/autelec.es\/autelec-patrocina-premio-internacional-relatos\/#primaryimage\",\"url\":\"https:\/\/autelec.es\/wp-content\/uploads\/2026\/02\/Foto-Autelec-1.jpg\",\"contentUrl\":\"https:\/\/autelec.es\/wp-content\/uploads\/2026\/02\/Foto-Autelec-1.jpg\",\"width\":1300,\"height\":975},{\"@type\":\"BreadcrumbList\",\"@id\":\"https:\/\/autelec.es\/autelec-patrocina-premio-internacional-relatos\/#breadcrumb\",\"itemListElement\":[{\"@type\":\"ListItem\",\"position\":1,\"name\":\"Portada\",\"item\":\"https:\/\/autelec.es\/\"},{\"@type\":\"ListItem\",\"position\":2,\"name\":\"Autelec Tecnolog\u00eda, sponsor du Prix international de la nouvelle sur les oliveraies, l&rsquo;huile d&rsquo;olive et le tourisme ol\u00e9icole\"}]},{\"@type\":\"WebSite\",\"@id\":\"https:\/\/autelec.es\/#website\",\"url\":\"https:\/\/autelec.es\/\",\"name\":\"Autelec\",\"description\":\"Otro sitio realizado con WordPress\",\"potentialAction\":[{\"@type\":\"SearchAction\",\"target\":{\"@type\":\"EntryPoint\",\"urlTemplate\":\"https:\/\/autelec.es\/?s={search_term_string}\"},\"query-input\":{\"@type\":\"PropertyValueSpecification\",\"valueRequired\":true,\"valueName\":\"search_term_string\"}}],\"inLanguage\":\"fr-FR\"},{\"@type\":\"Person\",\"@id\":\"https:\/\/autelec.es\/#\/schema\/person\/383db1ae4c98d38da90f442f167db8f4\",\"name\":\"Autelec\",\"url\":\"https:\/\/autelec.es\/fr\/author\/wp_sp\/\"}]}<\/script>\n<!-- \/ Yoast SEO plugin. -->","yoast_head_json":{"title":"Autelec Technology parraine le Prix international de la nouvelle","description":"Autelec Tecnolog\u00eda devient sponsor du Prix international de la nouvelle sur les oliveraies, l'huile d'olive et le tourisme ol\u00e9icole.","robots":{"index":"index","follow":"follow","max-snippet":"max-snippet:-1","max-image-preview":"max-image-preview:large","max-video-preview":"max-video-preview:-1"},"canonical":"https:\/\/autelec.es\/autelec-patrocina-premio-internacional-relatos\/","og_locale":"fr_FR","og_type":"article","og_title":"Autelec Technology parraine le Prix international de la nouvelle","og_description":"Autelec Tecnolog\u00eda devient sponsor du Prix international de la nouvelle sur les oliveraies, l'huile d'olive et le tourisme ol\u00e9icole.","og_url":"https:\/\/autelec.es\/autelec-patrocina-premio-internacional-relatos\/","og_site_name":"Autelec","article_publisher":"https:\/\/www.facebook.com\/autelec.tecnologia.sl\/","article_published_time":"2026-02-09T11:47:42+00:00","og_image":[{"width":1300,"height":975,"url":"https:\/\/autelec.es\/wp-content\/uploads\/2026\/02\/Foto-Autelec-1.jpg","type":"image\/jpeg"}],"author":"Autelec","twitter_card":"summary_large_image","twitter_creator":"@autelec","twitter_site":"@autelec","twitter_misc":{"\u00c9crit par":"Autelec","Dur\u00e9e de lecture estim\u00e9e":"3 minutes"},"schema":{"@context":"https:\/\/schema.org","@graph":[{"@type":"Article","@id":"https:\/\/autelec.es\/autelec-patrocina-premio-internacional-relatos\/#article","isPartOf":{"@id":"https:\/\/autelec.es\/autelec-patrocina-premio-internacional-relatos\/"},"author":{"name":"Autelec","@id":"https:\/\/autelec.es\/#\/schema\/person\/383db1ae4c98d38da90f442f167db8f4"},"headline":"Autelec Tecnolog\u00eda, sponsor du Prix international de la nouvelle sur les oliveraies, l&rsquo;huile d&rsquo;olive et le tourisme ol\u00e9icole","datePublished":"2026-02-09T11:47:42+00:00","mainEntityOfPage":{"@id":"https:\/\/autelec.es\/autelec-patrocina-premio-internacional-relatos\/"},"wordCount":712,"commentCount":0,"image":{"@id":"https:\/\/autelec.es\/autelec-patrocina-premio-internacional-relatos\/#primaryimage"},"thumbnailUrl":"https:\/\/autelec.es\/wp-content\/uploads\/2026\/02\/Foto-Autelec-1.jpg","articleSection":["Actualit\u00e9s Autelec"],"inLanguage":"fr-FR","potentialAction":[{"@type":"CommentAction","name":"Comment","target":["https:\/\/autelec.es\/autelec-patrocina-premio-internacional-relatos\/#respond"]}]},{"@type":"WebPage","@id":"https:\/\/autelec.es\/autelec-patrocina-premio-internacional-relatos\/","url":"https:\/\/autelec.es\/autelec-patrocina-premio-internacional-relatos\/","name":"Autelec Technology parraine le Prix international de la nouvelle","isPartOf":{"@id":"https:\/\/autelec.es\/#website"},"primaryImageOfPage":{"@id":"https:\/\/autelec.es\/autelec-patrocina-premio-internacional-relatos\/#primaryimage"},"image":{"@id":"https:\/\/autelec.es\/autelec-patrocina-premio-internacional-relatos\/#primaryimage"},"thumbnailUrl":"https:\/\/autelec.es\/wp-content\/uploads\/2026\/02\/Foto-Autelec-1.jpg","datePublished":"2026-02-09T11:47:42+00:00","author":{"@id":"https:\/\/autelec.es\/#\/schema\/person\/383db1ae4c98d38da90f442f167db8f4"},"description":"Autelec Tecnolog\u00eda devient sponsor du Prix international de la nouvelle sur les oliveraies, l'huile d'olive et le tourisme ol\u00e9icole.","breadcrumb":{"@id":"https:\/\/autelec.es\/autelec-patrocina-premio-internacional-relatos\/#breadcrumb"},"inLanguage":"fr-FR","potentialAction":[{"@type":"ReadAction","target":["https:\/\/autelec.es\/autelec-patrocina-premio-internacional-relatos\/"]}]},{"@type":"ImageObject","inLanguage":"fr-FR","@id":"https:\/\/autelec.es\/autelec-patrocina-premio-internacional-relatos\/#primaryimage","url":"https:\/\/autelec.es\/wp-content\/uploads\/2026\/02\/Foto-Autelec-1.jpg","contentUrl":"https:\/\/autelec.es\/wp-content\/uploads\/2026\/02\/Foto-Autelec-1.jpg","width":1300,"height":975},{"@type":"BreadcrumbList","@id":"https:\/\/autelec.es\/autelec-patrocina-premio-internacional-relatos\/#breadcrumb","itemListElement":[{"@type":"ListItem","position":1,"name":"Portada","item":"https:\/\/autelec.es\/"},{"@type":"ListItem","position":2,"name":"Autelec Tecnolog\u00eda, sponsor du Prix international de la nouvelle sur les oliveraies, l&rsquo;huile d&rsquo;olive et le tourisme ol\u00e9icole"}]},{"@type":"WebSite","@id":"https:\/\/autelec.es\/#website","url":"https:\/\/autelec.es\/","name":"Autelec","description":"Otro sitio realizado con WordPress","potentialAction":[{"@type":"SearchAction","target":{"@type":"EntryPoint","urlTemplate":"https:\/\/autelec.es\/?s={search_term_string}"},"query-input":{"@type":"PropertyValueSpecification","valueRequired":true,"valueName":"search_term_string"}}],"inLanguage":"fr-FR"},{"@type":"Person","@id":"https:\/\/autelec.es\/#\/schema\/person\/383db1ae4c98d38da90f442f167db8f4","name":"Autelec","url":"https:\/\/autelec.es\/fr\/author\/wp_sp\/"}]}},"_links":{"self":[{"href":"https:\/\/autelec.es\/fr\/wp-json\/wp\/v2\/posts\/2360","targetHints":{"allow":["GET"]}}],"collection":[{"href":"https:\/\/autelec.es\/fr\/wp-json\/wp\/v2\/posts"}],"about":[{"href":"https:\/\/autelec.es\/fr\/wp-json\/wp\/v2\/types\/post"}],"author":[{"embeddable":true,"href":"https:\/\/autelec.es\/fr\/wp-json\/wp\/v2\/users\/1"}],"replies":[{"embeddable":true,"href":"https:\/\/autelec.es\/fr\/wp-json\/wp\/v2\/comments?post=2360"}],"version-history":[{"count":2,"href":"https:\/\/autelec.es\/fr\/wp-json\/wp\/v2\/posts\/2360\/revisions"}],"predecessor-version":[{"id":2362,"href":"https:\/\/autelec.es\/fr\/wp-json\/wp\/v2\/posts\/2360\/revisions\/2362"}],"wp:featuredmedia":[{"embeddable":true,"href":"https:\/\/autelec.es\/fr\/wp-json\/wp\/v2\/media\/2354"}],"wp:attachment":[{"href":"https:\/\/autelec.es\/fr\/wp-json\/wp\/v2\/media?parent=2360"}],"wp:term":[{"taxonomy":"category","embeddable":true,"href":"https:\/\/autelec.es\/fr\/wp-json\/wp\/v2\/categories?post=2360"},{"taxonomy":"post_tag","embeddable":true,"href":"https:\/\/autelec.es\/fr\/wp-json\/wp\/v2\/tags?post=2360"}],"curies":[{"name":"wp","href":"https:\/\/api.w.org\/{rel}","templated":true}]}}