{"id":2057,"date":"2023-11-02T11:59:20","date_gmt":"2023-11-02T11:59:20","guid":{"rendered":"https:\/\/autelec.es\/tecnologia-autelec-eficiencia-ecologia-durabilidade-e-economia\/"},"modified":"2023-11-02T11:59:21","modified_gmt":"2023-11-02T11:59:21","slug":"tecnologia-autelec-eficiencia-ecologia-durabilidade-e-economia","status":"publish","type":"post","link":"https:\/\/autelec.es\/pt-pt\/tecnologia-autelec-eficiencia-ecologia-durabilidade-e-economia\/","title":{"rendered":"Tecnologia AUTELEC: efici\u00eancia, ecologia, durabilidade e economia"},"content":{"rendered":"[vc_row type=&#8221;in_container&#8221; full_screen_row_position=&#8221;middle&#8221; column_margin=&#8221;default&#8221; column_direction=&#8221;default&#8221; column_direction_tablet=&#8221;default&#8221; column_direction_phone=&#8221;default&#8221; scene_position=&#8221;center&#8221; text_color=&#8221;dark&#8221; text_align=&#8221;left&#8221; row_border_radius=&#8221;none&#8221; row_border_radius_applies=&#8221;bg&#8221; overflow=&#8221;visible&#8221; overlay_strength=&#8221;0.3&#8243; gradient_direction=&#8221;left_to_right&#8221; shape_divider_position=&#8221;bottom&#8221; bg_image_animation=&#8221;none&#8221;][vc_column column_padding=&#8221;no-extra-padding&#8221; column_padding_tablet=&#8221;inherit&#8221; column_padding_phone=&#8221;inherit&#8221; column_padding_position=&#8221;all&#8221; column_element_spacing=&#8221;default&#8221; centered_text=&#8221;true&#8221; background_color_opacity=&#8221;1&#8243; background_hover_color_opacity=&#8221;1&#8243; column_shadow=&#8221;none&#8221; column_border_radius=&#8221;none&#8221; column_link_target=&#8221;_self&#8221; column_position=&#8221;default&#8221; advanced_gradient_angle=&#8221;0&#8243; gradient_direction=&#8221;left_to_right&#8221; overlay_strength=&#8221;0.3&#8243; width=&#8221;1\/1&#8243; tablet_width_inherit=&#8221;default&#8221; tablet_text_alignment=&#8221;default&#8221; phone_text_alignment=&#8221;default&#8221; animation_type=&#8221;default&#8221; bg_image_animation=&#8221;none&#8221; border_type=&#8221;simple&#8221; column_border_width=&#8221;none&#8221; column_border_style=&#8221;solid&#8221; gradient_type=&#8221;default&#8221;][vc_column_text]\n<p style=\"text-align: justify;\"><strong>Em mais uma edi\u00e7\u00e3o, a AUTELEC Tecnolog\u00eda estar\u00e1 presente na Feira Internacional do Azeite e Ind\u00fastrias Afins com stand pr\u00f3prio para mostrar os seus equipamentos de embalagem e solu\u00e7\u00f5es de engenharia electr\u00f3nica ao servi\u00e7o do setor do azeite. Na \u00e2nsia de melhorar os seus equipamentos, seguindo a sua linha de fabricar produtos robustos e dur\u00e1veis \u200b\u200bque tamb\u00e9m se destacam pela efici\u00eancia energ\u00e9tica, a empresa valenciana apresentar\u00e1 a sua nova m\u00e1quina de embalagem, o modelo DL-295, na Expoliva 2023.<\/strong> <\/p>\n[\/vc_column_text][divider line_type=&#8221;No Line&#8221; custom_height=&#8221;50&#8243;][vc_column_text]\n<div class=\"page\" title=\"Page 1\">\n<div class=\"layoutArea\">\n<div class=\"column\">\n<div class=\"page\" title=\"Page 1\">\n<div class=\"layoutArea\">\n<div class=\"column\">\n<p style=\"text-align: justify;\">Com 44 anos de presen\u00e7a no mercado, AUTELEC Tecnolog\u00eda \u00e9 uma empresa de engenharia electr\u00f3nica dedicada \u00e0 concep\u00e7\u00e3o e fabrico de equipamentos e m\u00e1quinas aplicadas \u00e0 ind\u00fastria agro-alimentar e especializada no sector do azeite que goza de um merecido prest\u00edgio gra\u00e7as \u00e0 qualidade. , inova\u00e7\u00e3o e confiabilidade de seus equipamentos, projetados para durar no tempo. Em 2023, a empresa valenciana comemora uma d\u00e9cada desde que se mudou para a sua atual sede na cidade de La Pobla de Vallbona. Uma nova etapa marcada pela mudan\u00e7a geracional e pelo crescimento sustentado, sem perder de vista as suas principais caracter\u00edsticas e mantendo sempre um contacto pr\u00f3ximo com os numerosos clientes que ao longo de todos estes anos depositaram a sua confian\u00e7a na marca.<\/p>\n<p style=\"text-align: justify;\">Vicente Carot, gerente da AUTELEC Tecnologia, lembra que \u201csomos fi\u00e9is \u00e0 Expoliva desde as primeiras edi\u00e7\u00f5es que se realizaram nas instala\u00e7\u00f5es militares, \u00e0 entrada de Ja\u00e9n. Para n\u00f3s a Expoliva \u00e9 a feira por excel\u00eancia do sector ole\u00edcola e representa uma excelente oportunidade de reencontro com os nossos amigos e clientes, bem como a melhor montra para apresentar os nossos produtos e novidades.\u201d<\/p>\n<p style=\"text-align: justify;\">\nPassada a pandemia, Carot considera que a 21\u00aa edi\u00e7\u00e3o da Feira Internacional do Azeite e das Ind\u00fastrias Afins representa o regresso definitivo \u00e0 normalidade e est\u00e1 convicto de que a Expoliva 2023 \u201csignificar\u00e1 um antes e um depois\u201d.<\/p>\n<h4>Efici\u00eancia energ\u00e9tica, durabilidade e manuten\u00e7\u00e3o<\/h4>\n<p style=\"text-align: justify;\">A empresa aproveitar\u00e1 esta edi\u00e7\u00e3o para lan\u00e7ar uma vers\u00e3o renovada da m\u00e1quina de embalagem DL-294 Plus, a nova DL-295, com a qual a empresa valenciana se compromete a melhorar a sua efici\u00eancia energ\u00e9tica como objetivo priorit\u00e1rio. \u201cVivemos uma \u00e9poca em que o aumento incessante de energia est\u00e1 se tornando uma parte muito importante dos custos de produ\u00e7\u00e3o &#8211; afirma Carot &#8211; e, por isso, priorizamos a redu\u00e7\u00e3o do consumo do novo DL-295. \u201cBem, conseguimos reduzi-lo em quase 50% em compara\u00e7\u00e3o com o modelo anterior, atingindo 95% de consumo de energia com o modo de opera\u00e7\u00e3o ECO e ajudando assim os nossos clientes a reduzir a sua pegada de carbono e a tornarem-se mais eficientes energeticamente.\u201d Outro aspecto que distingue os equipamentos desenhados e fabricados pela AUTELEC Technology \u00e9, sem d\u00favida, a durabilidade. Neste sentido, Vicente Carot sustenta que \u201co planeta necessita de equipamentos dur\u00e1veis, que n\u00e3o tenham que ser descartados num curto espa\u00e7o de tempo, com manuten\u00e7\u00e3o e consumo ajustados. Nossas primeiras embaladoras j\u00e1 passaram de mais de 30 anos de opera\u00e7\u00e3o, contribuindo assim para a redu\u00e7\u00e3o de desperd\u00edcios causados \u200b\u200bpor outras m\u00e1quinas que se tornam obsoletas em poucos anos, ou que necessitam de reposi\u00e7\u00e3o, gerando apenas gastos desnecess\u00e1rios, mas uma quantidade de desperd\u00edcio que, em nossos opini\u00e3o, poderia ser evitado ou consideravelmente reduzido\u201d.<\/p>\n<p style=\"text-align: justify;\">Por outro lado, a empresa sempre esteve comprometida com a manuten\u00e7\u00e3o de todos os seus equipamentos, que, hoje, t\u00eam garantidas todas as pe\u00e7as de reposi\u00e7\u00e3o necess\u00e1rias ao seu correto funcionamento. Desta forma, a decis\u00e3o de adquirir um novo baseada unicamente na moderniza\u00e7\u00e3o e melhoria das suas fun\u00e7\u00f5es, e n\u00e3o na obriga\u00e7\u00e3o de substitu\u00ed-lo por motivos de obsolesc\u00eancia programada da m\u00e1quina, fica nas m\u00e3os do cliente que possui um m\u00e1quina antiga em uso. equipamento. \u201cO mais simples\u201d, explica Carot, \u201cseria deixar de prestar servi\u00e7o aos equipamentos que est\u00e3o em funcionamento h\u00e1 mais de 30 anos, mas, pelo contr\u00e1rio, a nossa pol\u00edtica tem sido e continua a ser a de nos esfor\u00e7armos para continuar a mant\u00ea-los em plena capacidade, entendendo que a decis\u00e3o de substitu\u00ed-los deve sempre caber ao propriet\u00e1rio e n\u00e3o ao fabricante. Assim, cada cliente pode avaliar a sua situa\u00e7\u00e3o e recursos para tomar a decis\u00e3o de adquirir ou manter o seu equipamento. Entendemos que outras marcas, pela sua estrutura, n\u00e3o podem continuar a suportar os seus equipamentos, sendo a sua obsolesc\u00eancia nem sempre intencional, mas sim for\u00e7ada por elementos externos.\u201d<\/p>\n<div class=\"page\" title=\"Page 2\">\n<div class=\"section\">\n<div class=\"layoutArea\">\n<div class=\"column\">\n<h4>Com o lan\u00e7amento da sua nova m\u00e1quina de embalagem DL-295, a empresa valenciana est\u00e1 empenhada em melhorar a efici\u00eancia energ\u00e9tica como objetivo priorit\u00e1rio<\/h4>\n<\/div>\n<\/div>\n<\/div>\n<\/div>\n<p style=\"text-align: justify;\">Neste sentido, na AUTELEC Tecnolog\u00eda sempre optaram por ter o controlo total dos seus produtos, \u201co que nos permite n\u00e3o s\u00f3 mant\u00ea-los por muitos anos, mas tamb\u00e9m poder integrar melhorias e atualiza\u00e7\u00f5es em equipamentos mais antigos\u201d.<\/p >\n<p style=\"text-align: justify;\">A empresa conta com fornecedores nacionais que proporcionam maior seguran\u00e7a de abastecimento, al\u00e9m de ajudarem a manter o tecido industrial ativo. Por tudo isto, parece fundamental que o esfor\u00e7o para continuar a prestar servi\u00e7o a todos os seus equipamentos, independentemente da sua antiguidade, corresponda a uma boa manuten\u00e7\u00e3o dos mesmos, &#8220;j\u00e1 que muitas vezes a situa\u00e7\u00e3o das m\u00e1quinas poderia ser melhorada com alguns simples dicas e instru\u00e7\u00f5es, por isso recomendamos sempre que voc\u00ea entre em contato conosco. Dispomos de um servi\u00e7o t\u00e9cnico telef\u00f3nico gratuito que esclarecer\u00e1 qualquer d\u00favida que possa ter. Al\u00e9m disso, o nosso Departamento de I&#038;D \u00e9 respons\u00e1vel por oferecer diferentes solu\u00e7\u00f5es aos nossos clientes e aconselh\u00e1-los sobre as suas necessidades, criando por vezes equipamentos personalizados\u201d, conclui o respons\u00e1vel da AUTELEC Tecnolog\u00eda, que convida a visitar o stand F-4 do Pavilh\u00e3o Interior. \u201c poder conferir em primeira m\u00e3o o funcionamento do novo \u00f3leo de enchimento DL-295, como fizemos em todas as edi\u00e7\u00f5es anteriores.\u201d<\/p>\n<\/div>\n<\/div>\n<\/div>\n<\/div>\n<\/div>\n<\/div>\n[\/vc_column_text][divider line_type=&#8221;No Line&#8221; custom_height=&#8221;50&#8243;][nectar_btn size=&#8221;large&#8221; button_style=&#8221;regular&#8221; button_color_2=&#8221;Accent-Color&#8221; icon_family=&#8221;none&#8221; text=&#8221; VER PDF&#8221; url=&#8221;https:\/\/autelec.es\/wp-content\/uploads\/2023\/11\/AUTELEC_PUBLIRREPORTAJEMERCACEI115.pdf&#8221;][\/vc_column][\/vc_row]\n","protected":false},"excerpt":{"rendered":"<p>[vc_row type=&#8221;in_container&#8221; full_screen_row_position=&#8221;middle&#8221; column_margin=&#8221;default&#8221; column_direction=&#8221;default&#8221; column_direction_tablet=&#8221;default&#8221; column_direction_phone=&#8221;default&#8221; scene_position=&#8221;center&#8221; text_color=&#8221;dark&#8221; text_align=&#8221;left&#8221; row_border_radius=&#8221;none&#8221; row_border_radius_applies=&#8221;bg&#8221; overflow=&#8221;visible&#8221; overlay_strength=&#8221;0.3&#8243; gradient_direction=&#8221;left_to_right&#8221; shape_divider_position=&#8221;bottom&#8221; bg_image_animation=&#8221;none&#8221;][vc_column column_padding=&#8221;no-extra-padding&#8221; column_padding_tablet=&#8221;inherit&#8221; column_padding_phone=&#8221;inherit&#8221; column_padding_position=&#8221;all&#8221; column_element_spacing=&#8221;default&#8221; centered_text=&#8221;true&#8221; background_color_opacity=&#8221;1&#8243; background_hover_color_opacity=&#8221;1&#8243; column_shadow=&#8221;none&#8221; column_border_radius=&#8221;none&#8221; column_link_target=&#8221;_self&#8221; column_position=&#8221;default&#8221; advanced_gradient_angle=&#8221;0&#8243;&#8230;<\/p>\n","protected":false},"author":1,"featured_media":2049,"comment_status":"open","ping_status":"open","sticky":false,"template":"","format":"standard","meta":{"_exactmetrics_skip_tracking":false,"_exactmetrics_sitenote_active":false,"_exactmetrics_sitenote_note":"","_exactmetrics_sitenote_category":0,"footnotes":""},"categories":[71],"tags":[],"class_list":{"0":"post-2057","1":"post","2":"type-post","3":"status-publish","4":"format-standard","5":"has-post-thumbnail","7":"category-noticias-autelec-pt-pt"},"yoast_head":"<!-- This site is optimized with the Yoast SEO plugin v26.9 - https:\/\/yoast.com\/product\/yoast-seo-wordpress\/ -->\n<title>Tecnologia AUTELEC: efici\u00eancia, ecologia, durabilidade e economia &#187; Autelec<\/title>\n<meta name=\"description\" content=\"Maquinarias aceite de oliva\" \/>\n<meta name=\"robots\" content=\"index, follow, max-snippet:-1, max-image-preview:large, max-video-preview:-1\" \/>\n<link rel=\"canonical\" href=\"https:\/\/autelec.es\/autelec-tecnologia-eficiencia-ecologia-durabilidad-y-ahorro\/\" \/>\n<meta property=\"og:locale\" content=\"pt_PT\" \/>\n<meta property=\"og:type\" content=\"article\" \/>\n<meta property=\"og:title\" content=\"Tecnologia AUTELEC: efici\u00eancia, ecologia, durabilidade e economia &#187; Autelec\" \/>\n<meta property=\"og:description\" content=\"Maquinarias aceite de oliva\" \/>\n<meta property=\"og:url\" content=\"https:\/\/autelec.es\/autelec-tecnologia-eficiencia-ecologia-durabilidad-y-ahorro\/\" \/>\n<meta property=\"og:site_name\" content=\"Autelec\" \/>\n<meta property=\"article:publisher\" content=\"https:\/\/www.facebook.com\/autelec.tecnologia.sl\/\" \/>\n<meta property=\"article:published_time\" content=\"2023-11-02T11:59:20+00:00\" \/>\n<meta property=\"article:modified_time\" content=\"2023-11-02T11:59:21+00:00\" \/>\n<meta property=\"og:image\" content=\"https:\/\/autelec.es\/wp-content\/uploads\/2023\/11\/Captura-de-pantalla-2023-11-02-a-las-12.51.07.jpg\" \/>\n\t<meta property=\"og:image:width\" content=\"1000\" \/>\n\t<meta property=\"og:image:height\" content=\"762\" \/>\n\t<meta property=\"og:image:type\" content=\"image\/jpeg\" \/>\n<meta name=\"author\" content=\"Autelec\" \/>\n<meta name=\"twitter:card\" content=\"summary_large_image\" \/>\n<meta name=\"twitter:creator\" content=\"@autelec\" \/>\n<meta name=\"twitter:site\" content=\"@autelec\" \/>\n<meta name=\"twitter:label1\" content=\"Escrito por\" \/>\n\t<meta name=\"twitter:data1\" content=\"Autelec\" \/>\n\t<meta name=\"twitter:label2\" content=\"Tempo estimado de leitura\" \/>\n\t<meta name=\"twitter:data2\" content=\"6 minutos\" \/>\n<script type=\"application\/ld+json\" class=\"yoast-schema-graph\">{\"@context\":\"https:\/\/schema.org\",\"@graph\":[{\"@type\":\"Article\",\"@id\":\"https:\/\/autelec.es\/autelec-tecnologia-eficiencia-ecologia-durabilidad-y-ahorro\/#article\",\"isPartOf\":{\"@id\":\"https:\/\/autelec.es\/autelec-tecnologia-eficiencia-ecologia-durabilidad-y-ahorro\/\"},\"author\":{\"name\":\"Autelec\",\"@id\":\"https:\/\/autelec.es\/#\/schema\/person\/383db1ae4c98d38da90f442f167db8f4\"},\"headline\":\"Tecnologia AUTELEC: efici\u00eancia, ecologia, durabilidade e economia\",\"datePublished\":\"2023-11-02T11:59:20+00:00\",\"dateModified\":\"2023-11-02T11:59:21+00:00\",\"mainEntityOfPage\":{\"@id\":\"https:\/\/autelec.es\/autelec-tecnologia-eficiencia-ecologia-durabilidad-y-ahorro\/\"},\"wordCount\":1228,\"commentCount\":0,\"image\":{\"@id\":\"https:\/\/autelec.es\/autelec-tecnologia-eficiencia-ecologia-durabilidad-y-ahorro\/#primaryimage\"},\"thumbnailUrl\":\"https:\/\/autelec.es\/wp-content\/uploads\/2023\/11\/Captura-de-pantalla-2023-11-02-a-las-12.51.07.jpg\",\"articleSection\":[\"Not\u00edcias Autelec\"],\"inLanguage\":\"pt-PT\",\"potentialAction\":[{\"@type\":\"CommentAction\",\"name\":\"Comment\",\"target\":[\"https:\/\/autelec.es\/autelec-tecnologia-eficiencia-ecologia-durabilidad-y-ahorro\/#respond\"]}]},{\"@type\":\"WebPage\",\"@id\":\"https:\/\/autelec.es\/autelec-tecnologia-eficiencia-ecologia-durabilidad-y-ahorro\/\",\"url\":\"https:\/\/autelec.es\/autelec-tecnologia-eficiencia-ecologia-durabilidad-y-ahorro\/\",\"name\":\"Tecnologia AUTELEC: efici\u00eancia, ecologia, durabilidade e economia &#187; Autelec\",\"isPartOf\":{\"@id\":\"https:\/\/autelec.es\/#website\"},\"primaryImageOfPage\":{\"@id\":\"https:\/\/autelec.es\/autelec-tecnologia-eficiencia-ecologia-durabilidad-y-ahorro\/#primaryimage\"},\"image\":{\"@id\":\"https:\/\/autelec.es\/autelec-tecnologia-eficiencia-ecologia-durabilidad-y-ahorro\/#primaryimage\"},\"thumbnailUrl\":\"https:\/\/autelec.es\/wp-content\/uploads\/2023\/11\/Captura-de-pantalla-2023-11-02-a-las-12.51.07.jpg\",\"datePublished\":\"2023-11-02T11:59:20+00:00\",\"dateModified\":\"2023-11-02T11:59:21+00:00\",\"author\":{\"@id\":\"https:\/\/autelec.es\/#\/schema\/person\/383db1ae4c98d38da90f442f167db8f4\"},\"description\":\"Maquinarias aceite de oliva\",\"breadcrumb\":{\"@id\":\"https:\/\/autelec.es\/autelec-tecnologia-eficiencia-ecologia-durabilidad-y-ahorro\/#breadcrumb\"},\"inLanguage\":\"pt-PT\",\"potentialAction\":[{\"@type\":\"ReadAction\",\"target\":[\"https:\/\/autelec.es\/autelec-tecnologia-eficiencia-ecologia-durabilidad-y-ahorro\/\"]}]},{\"@type\":\"ImageObject\",\"inLanguage\":\"pt-PT\",\"@id\":\"https:\/\/autelec.es\/autelec-tecnologia-eficiencia-ecologia-durabilidad-y-ahorro\/#primaryimage\",\"url\":\"https:\/\/autelec.es\/wp-content\/uploads\/2023\/11\/Captura-de-pantalla-2023-11-02-a-las-12.51.07.jpg\",\"contentUrl\":\"https:\/\/autelec.es\/wp-content\/uploads\/2023\/11\/Captura-de-pantalla-2023-11-02-a-las-12.51.07.jpg\",\"width\":1000,\"height\":762},{\"@type\":\"BreadcrumbList\",\"@id\":\"https:\/\/autelec.es\/autelec-tecnologia-eficiencia-ecologia-durabilidad-y-ahorro\/#breadcrumb\",\"itemListElement\":[{\"@type\":\"ListItem\",\"position\":1,\"name\":\"Portada\",\"item\":\"https:\/\/autelec.es\/\"},{\"@type\":\"ListItem\",\"position\":2,\"name\":\"Tecnologia AUTELEC: efici\u00eancia, ecologia, durabilidade e economia\"}]},{\"@type\":\"WebSite\",\"@id\":\"https:\/\/autelec.es\/#website\",\"url\":\"https:\/\/autelec.es\/\",\"name\":\"Autelec\",\"description\":\"Otro sitio realizado con WordPress\",\"potentialAction\":[{\"@type\":\"SearchAction\",\"target\":{\"@type\":\"EntryPoint\",\"urlTemplate\":\"https:\/\/autelec.es\/?s={search_term_string}\"},\"query-input\":{\"@type\":\"PropertyValueSpecification\",\"valueRequired\":true,\"valueName\":\"search_term_string\"}}],\"inLanguage\":\"pt-PT\"},{\"@type\":\"Person\",\"@id\":\"https:\/\/autelec.es\/#\/schema\/person\/383db1ae4c98d38da90f442f167db8f4\",\"name\":\"Autelec\",\"url\":\"https:\/\/autelec.es\/pt-pt\/author\/wp_sp\/\"}]}<\/script>\n<!-- \/ Yoast SEO plugin. -->","yoast_head_json":{"title":"Tecnologia AUTELEC: efici\u00eancia, ecologia, durabilidade e economia &#187; Autelec","description":"Maquinarias aceite de oliva","robots":{"index":"index","follow":"follow","max-snippet":"max-snippet:-1","max-image-preview":"max-image-preview:large","max-video-preview":"max-video-preview:-1"},"canonical":"https:\/\/autelec.es\/autelec-tecnologia-eficiencia-ecologia-durabilidad-y-ahorro\/","og_locale":"pt_PT","og_type":"article","og_title":"Tecnologia AUTELEC: efici\u00eancia, ecologia, durabilidade e economia &#187; Autelec","og_description":"Maquinarias aceite de oliva","og_url":"https:\/\/autelec.es\/autelec-tecnologia-eficiencia-ecologia-durabilidad-y-ahorro\/","og_site_name":"Autelec","article_publisher":"https:\/\/www.facebook.com\/autelec.tecnologia.sl\/","article_published_time":"2023-11-02T11:59:20+00:00","article_modified_time":"2023-11-02T11:59:21+00:00","og_image":[{"width":1000,"height":762,"url":"https:\/\/autelec.es\/wp-content\/uploads\/2023\/11\/Captura-de-pantalla-2023-11-02-a-las-12.51.07.jpg","type":"image\/jpeg"}],"author":"Autelec","twitter_card":"summary_large_image","twitter_creator":"@autelec","twitter_site":"@autelec","twitter_misc":{"Escrito por":"Autelec","Tempo estimado de leitura":"6 minutos"},"schema":{"@context":"https:\/\/schema.org","@graph":[{"@type":"Article","@id":"https:\/\/autelec.es\/autelec-tecnologia-eficiencia-ecologia-durabilidad-y-ahorro\/#article","isPartOf":{"@id":"https:\/\/autelec.es\/autelec-tecnologia-eficiencia-ecologia-durabilidad-y-ahorro\/"},"author":{"name":"Autelec","@id":"https:\/\/autelec.es\/#\/schema\/person\/383db1ae4c98d38da90f442f167db8f4"},"headline":"Tecnologia AUTELEC: efici\u00eancia, ecologia, durabilidade e economia","datePublished":"2023-11-02T11:59:20+00:00","dateModified":"2023-11-02T11:59:21+00:00","mainEntityOfPage":{"@id":"https:\/\/autelec.es\/autelec-tecnologia-eficiencia-ecologia-durabilidad-y-ahorro\/"},"wordCount":1228,"commentCount":0,"image":{"@id":"https:\/\/autelec.es\/autelec-tecnologia-eficiencia-ecologia-durabilidad-y-ahorro\/#primaryimage"},"thumbnailUrl":"https:\/\/autelec.es\/wp-content\/uploads\/2023\/11\/Captura-de-pantalla-2023-11-02-a-las-12.51.07.jpg","articleSection":["Not\u00edcias Autelec"],"inLanguage":"pt-PT","potentialAction":[{"@type":"CommentAction","name":"Comment","target":["https:\/\/autelec.es\/autelec-tecnologia-eficiencia-ecologia-durabilidad-y-ahorro\/#respond"]}]},{"@type":"WebPage","@id":"https:\/\/autelec.es\/autelec-tecnologia-eficiencia-ecologia-durabilidad-y-ahorro\/","url":"https:\/\/autelec.es\/autelec-tecnologia-eficiencia-ecologia-durabilidad-y-ahorro\/","name":"Tecnologia AUTELEC: efici\u00eancia, ecologia, durabilidade e economia &#187; Autelec","isPartOf":{"@id":"https:\/\/autelec.es\/#website"},"primaryImageOfPage":{"@id":"https:\/\/autelec.es\/autelec-tecnologia-eficiencia-ecologia-durabilidad-y-ahorro\/#primaryimage"},"image":{"@id":"https:\/\/autelec.es\/autelec-tecnologia-eficiencia-ecologia-durabilidad-y-ahorro\/#primaryimage"},"thumbnailUrl":"https:\/\/autelec.es\/wp-content\/uploads\/2023\/11\/Captura-de-pantalla-2023-11-02-a-las-12.51.07.jpg","datePublished":"2023-11-02T11:59:20+00:00","dateModified":"2023-11-02T11:59:21+00:00","author":{"@id":"https:\/\/autelec.es\/#\/schema\/person\/383db1ae4c98d38da90f442f167db8f4"},"description":"Maquinarias aceite de oliva","breadcrumb":{"@id":"https:\/\/autelec.es\/autelec-tecnologia-eficiencia-ecologia-durabilidad-y-ahorro\/#breadcrumb"},"inLanguage":"pt-PT","potentialAction":[{"@type":"ReadAction","target":["https:\/\/autelec.es\/autelec-tecnologia-eficiencia-ecologia-durabilidad-y-ahorro\/"]}]},{"@type":"ImageObject","inLanguage":"pt-PT","@id":"https:\/\/autelec.es\/autelec-tecnologia-eficiencia-ecologia-durabilidad-y-ahorro\/#primaryimage","url":"https:\/\/autelec.es\/wp-content\/uploads\/2023\/11\/Captura-de-pantalla-2023-11-02-a-las-12.51.07.jpg","contentUrl":"https:\/\/autelec.es\/wp-content\/uploads\/2023\/11\/Captura-de-pantalla-2023-11-02-a-las-12.51.07.jpg","width":1000,"height":762},{"@type":"BreadcrumbList","@id":"https:\/\/autelec.es\/autelec-tecnologia-eficiencia-ecologia-durabilidad-y-ahorro\/#breadcrumb","itemListElement":[{"@type":"ListItem","position":1,"name":"Portada","item":"https:\/\/autelec.es\/"},{"@type":"ListItem","position":2,"name":"Tecnologia AUTELEC: efici\u00eancia, ecologia, durabilidade e economia"}]},{"@type":"WebSite","@id":"https:\/\/autelec.es\/#website","url":"https:\/\/autelec.es\/","name":"Autelec","description":"Otro sitio realizado con WordPress","potentialAction":[{"@type":"SearchAction","target":{"@type":"EntryPoint","urlTemplate":"https:\/\/autelec.es\/?s={search_term_string}"},"query-input":{"@type":"PropertyValueSpecification","valueRequired":true,"valueName":"search_term_string"}}],"inLanguage":"pt-PT"},{"@type":"Person","@id":"https:\/\/autelec.es\/#\/schema\/person\/383db1ae4c98d38da90f442f167db8f4","name":"Autelec","url":"https:\/\/autelec.es\/pt-pt\/author\/wp_sp\/"}]}},"_links":{"self":[{"href":"https:\/\/autelec.es\/pt-pt\/wp-json\/wp\/v2\/posts\/2057","targetHints":{"allow":["GET"]}}],"collection":[{"href":"https:\/\/autelec.es\/pt-pt\/wp-json\/wp\/v2\/posts"}],"about":[{"href":"https:\/\/autelec.es\/pt-pt\/wp-json\/wp\/v2\/types\/post"}],"author":[{"embeddable":true,"href":"https:\/\/autelec.es\/pt-pt\/wp-json\/wp\/v2\/users\/1"}],"replies":[{"embeddable":true,"href":"https:\/\/autelec.es\/pt-pt\/wp-json\/wp\/v2\/comments?post=2057"}],"version-history":[{"count":2,"href":"https:\/\/autelec.es\/pt-pt\/wp-json\/wp\/v2\/posts\/2057\/revisions"}],"predecessor-version":[{"id":2059,"href":"https:\/\/autelec.es\/pt-pt\/wp-json\/wp\/v2\/posts\/2057\/revisions\/2059"}],"wp:featuredmedia":[{"embeddable":true,"href":"https:\/\/autelec.es\/pt-pt\/wp-json\/wp\/v2\/media\/2049"}],"wp:attachment":[{"href":"https:\/\/autelec.es\/pt-pt\/wp-json\/wp\/v2\/media?parent=2057"}],"wp:term":[{"taxonomy":"category","embeddable":true,"href":"https:\/\/autelec.es\/pt-pt\/wp-json\/wp\/v2\/categories?post=2057"},{"taxonomy":"post_tag","embeddable":true,"href":"https:\/\/autelec.es\/pt-pt\/wp-json\/wp\/v2\/tags?post=2057"}],"curies":[{"name":"wp","href":"https:\/\/api.w.org\/{rel}","templated":true}]}}