{"id":2115,"date":"2024-02-12T11:54:55","date_gmt":"2024-02-12T11:54:55","guid":{"rendered":"https:\/\/autelec.es\/vicente-carot-na-autelec-procuramos-garantir-que-os-equipamentos-continuem-a-funcionar-a-plena-capacidade-com-o-menor-gasto-possivel\/"},"modified":"2024-02-12T11:57:37","modified_gmt":"2024-02-12T11:57:37","slug":"vicente-carot-na-autelec-procuramos-garantir-que-os-equipamentos-continuem-a-funcionar-a-plena-capacidade-com-o-menor-gasto-possivel","status":"publish","type":"post","link":"https:\/\/autelec.es\/pt-pt\/vicente-carot-na-autelec-procuramos-garantir-que-os-equipamentos-continuem-a-funcionar-a-plena-capacidade-com-o-menor-gasto-possivel\/","title":{"rendered":"Vicente Carot: \u201cNa AUTELEC procuramos garantir que os equipamentos continuem a funcionar a plena capacidade com o menor gasto poss\u00edvel\u201d"},"content":{"rendered":"[vc_row type=&#8221;in_container&#8221; full_screen_row_position=&#8221;middle&#8221; column_margin=&#8221;default&#8221; column_direction=&#8221;default&#8221; column_direction_tablet=&#8221;default&#8221; column_direction_phone=&#8221;default&#8221; scene_position=&#8221;center&#8221; text_color=&#8221;dark&#8221; text_align=&#8221;left&#8221; row_border_radius=&#8221;none&#8221; row_border_radius_applies=&#8221;bg&#8221; overflow=&#8221;visible&#8221; overlay_strength=&#8221;0.3&#8243; gradient_direction=&#8221;left_to_right&#8221; shape_divider_position=&#8221;bottom&#8221; bg_image_animation=&#8221;none&#8221;][vc_column column_padding=&#8221;no-extra-padding&#8221; column_padding_tablet=&#8221;inherit&#8221; column_padding_phone=&#8221;inherit&#8221; column_padding_position=&#8221;all&#8221; column_element_spacing=&#8221;default&#8221; centered_text=&#8221;true&#8221; background_color_opacity=&#8221;1&#8243; background_hover_color_opacity=&#8221;1&#8243; column_shadow=&#8221;none&#8221; column_border_radius=&#8221;none&#8221; column_link_target=&#8221;_self&#8221; column_position=&#8221;default&#8221; advanced_gradient_angle=&#8221;0&#8243; gradient_direction=&#8221;left_to_right&#8221; overlay_strength=&#8221;0.3&#8243; width=&#8221;1\/1&#8243; tablet_width_inherit=&#8221;default&#8221; tablet_text_alignment=&#8221;default&#8221; phone_text_alignment=&#8221;default&#8221; animation_type=&#8221;default&#8221; bg_image_animation=&#8221;none&#8221; border_type=&#8221;simple&#8221; column_border_width=&#8221;none&#8221; column_border_style=&#8221;solid&#8221; gradient_type=&#8221;default&#8221;][vc_column_text]\n<p class=\"p1\"><b>Nesta nova entrevista para saber a opini\u00e3o dos <\/b><b>fornecedores do setor conversamos com Vicente Carot, <\/b><span class=\"s1\" ><b >gerente de <\/b><\/span><b>Tecnologia AUTELEC<\/b><span class=\"s1\"><b>.<\/b><\/span><\/p>\n[\/vc_column_text][divider line_type=&#8221;No Line&#8221; custom_height=&#8221;50&#8243;][vc_column_text]\n<div class=\"page\" title=\"P\u00e1gina 1\">\n<div class=\"layoutArea\">\n<div class=\"coluna\">\n<div class=\"page\" title=\"P\u00e1gina 1\">\n<div class=\"layoutArea\">\n<div class=\"coluna\">\n<p class=\"p1\"><b>Num cen\u00e1rio e numa campanha t\u00e3o at\u00edpica como as atuais, o que o diferencia das restantes empresas do seu <\/b><b>segmento?<\/b> <\/p>\n<p class=\"p1\">Nos 35 anos que estou neste setor, n\u00e3o me lembro de uma campanha t\u00e3o at\u00edpica como a de 2022\/23, em que a escassez de azeitona n\u00e3o afetou apenas Espanha, mas tamb\u00e9m Portugal. Uma situa\u00e7\u00e3o t\u00e3o gen\u00e9rica que espero que seja excepcional, embora n\u00e3o devamos considerar esta excep\u00e7\u00e3o como norma. Pela nossa parte, e sempre atentos aos produtores, tentamos a todo o custo garantir que os seus equipamentos, independentemente dos anos de funcionamento, continuem a funcionar a plena capacidade e com o menor gasto poss\u00edvel. Desta forma, colaboramos com os profissionais nestes tempos em que os seus rendimentos diminu\u00edram. Este sempre foi e continua a ser o nosso compromisso com os nossos clientes. Lan\u00e7amos uma nova m\u00e1quina de embalagem, mais econ\u00f4mica e compacta. Diante dessas situa\u00e7\u00f5es anormais, devemos nos adaptar, sem fazer manobras bruscas que nos desviem da linha que o tempo passado nos guia.<\/p>\n<p class=\"p1\"><b>Quais solu\u00e7\u00f5es e\/ou produtos voc\u00eas est\u00e3o oferecendo aos produtores para se adaptarem a esta situa\u00e7\u00e3o?<\/b><\/p>\n<p class=\"p1\">Pela nossa parte, lan\u00e7amos uma nova m\u00e1quina de embalagem, mais econ\u00f4mica e compacta. Al\u00e9m disso, incorporamos a fun\u00e7\u00e3o ECO \u00e0 nossa m\u00e1quina de embalagem, o que reduz consideravelmente o consumo de energia. E por fim, como sempre fizemos, continuamos a manter atendimento t\u00e9cnico telef\u00f4nico gratuito para todos os nossos clientes.<\/p>\n<p class=\"p1\"><b>Muitos produtores est\u00e3o esperan\u00e7osos para a pr\u00f3xima campanha, esperando voltar aos valores habituais <\/b><b>de produ\u00e7\u00e3o e at\u00e9 super\u00e1-los devido ao novo olival que est\u00e1 a entrar em produ\u00e7\u00e3o . Voc\u00ea compartilha dessa opini\u00e3o? <\/b><b>Que percep\u00e7\u00e3o voc\u00ea tem do futuro a curto prazo?<\/b><\/p>\n<p class=\"p1\">A natureza sabe se adaptar e embora se espere que a pr\u00f3xima campanha n\u00e3o seja um recorde de produ\u00e7\u00e3o, em muitas \u00e1reas a situa\u00e7\u00e3o ter\u00e1 se normalizado. Por outro lado, penso que ser\u00e1 compensado pelo aumento exponencial da produ\u00e7\u00e3o das oliveiras ainda jovens recentemente plantadas em toda a pen\u00ednsula.<\/p>\n<\/div>\n<\/div>\n<\/div>\n<\/div>\n<\/div>\n<\/div>\n[\/vc_column_text][divider line_type=&#8221;No Line&#8221; custom_height=&#8221;50&#8243;][nectar_btn size=&#8221;large&#8221; button_style=&#8221;regular&#8221; button_color_2=&#8221;Accent-Color&#8221; icon_family=&#8221;none&#8221; text=&#8221; VER PDF&#8221; url=&#8221;https:\/\/autelec.es\/wp-content\/uploads\/2024\/02\/mercacei.com_imprimir-noticia.asp_noti601902.pdf&#8221;][\/vc_column][\/vc_row]\n","protected":false},"excerpt":{"rendered":"<p>[vc_row type=&#8221;in_container&#8221; full_screen_row_position=&#8221;middle&#8221; column_margin=&#8221;default&#8221; column_direction=&#8221;default&#8221; column_direction_tablet=&#8221;default&#8221; column_direction_phone=&#8221;default&#8221; scene_position=&#8221;center&#8221; text_color=&#8221;dark&#8221; text_align=&#8221;left&#8221; row_border_radius=&#8221;none&#8221; row_border_radius_applies=&#8221;bg&#8221; overflow=&#8221;visible&#8221; overlay_strength=&#8221;0.3&#8243; gradient_direction=&#8221;left_to_right&#8221; shape_divider_position=&#8221;bottom&#8221; bg_image_animation=&#8221;none&#8221;][vc_column column_padding=&#8221;no-extra-padding&#8221; column_padding_tablet=&#8221;inherit&#8221; column_padding_phone=&#8221;inherit&#8221; column_padding_position=&#8221;all&#8221; column_element_spacing=&#8221;default&#8221; centered_text=&#8221;true&#8221; background_color_opacity=&#8221;1&#8243; background_hover_color_opacity=&#8221;1&#8243; column_shadow=&#8221;none&#8221; column_border_radius=&#8221;none&#8221; column_link_target=&#8221;_self&#8221; column_position=&#8221;default&#8221; advanced_gradient_angle=&#8221;0&#8243;&#8230;<\/p>\n","protected":false},"author":1,"featured_media":2090,"comment_status":"open","ping_status":"open","sticky":false,"template":"","format":"standard","meta":{"_exactmetrics_skip_tracking":false,"_exactmetrics_sitenote_active":false,"_exactmetrics_sitenote_note":"","_exactmetrics_sitenote_category":0,"footnotes":""},"categories":[56],"tags":[],"class_list":{"0":"post-2115","1":"post","2":"type-post","3":"status-publish","4":"format-standard","5":"has-post-thumbnail","7":"category-sem-categoria"},"yoast_head":"<!-- This site is optimized with the Yoast SEO plugin v26.9 - https:\/\/yoast.com\/product\/yoast-seo-wordpress\/ -->\n<title>Vicente Carot: \u201cNa AUTELEC procuramos garantir que os equipamentos continuem a funcionar a plena capacidade com o menor gasto poss\u00edvel\u201d &#187; Autelec<\/title>\n<meta name=\"description\" content=\"Maquinarias aceite de oliva\" \/>\n<meta name=\"robots\" content=\"index, follow, max-snippet:-1, max-image-preview:large, max-video-preview:-1\" \/>\n<link rel=\"canonical\" href=\"https:\/\/autelec.es\/vicente-carot-desde-autelec-intentamos-que-los-equipos-continuen-funcionando-a-pleno-rendimiento-con-el-menor-gasto-posible\/\" \/>\n<meta property=\"og:locale\" content=\"pt_PT\" \/>\n<meta property=\"og:type\" content=\"article\" \/>\n<meta property=\"og:title\" content=\"Vicente Carot: \u201cNa AUTELEC procuramos garantir que os equipamentos continuem a funcionar a plena capacidade com o menor gasto poss\u00edvel\u201d &#187; Autelec\" \/>\n<meta property=\"og:description\" content=\"Maquinarias aceite de oliva\" \/>\n<meta property=\"og:url\" content=\"https:\/\/autelec.es\/vicente-carot-desde-autelec-intentamos-que-los-equipos-continuen-funcionando-a-pleno-rendimiento-con-el-menor-gasto-posible\/\" \/>\n<meta property=\"og:site_name\" content=\"Autelec\" \/>\n<meta property=\"article:publisher\" content=\"https:\/\/www.facebook.com\/autelec.tecnologia.sl\/\" \/>\n<meta property=\"article:published_time\" content=\"2024-02-12T11:54:55+00:00\" \/>\n<meta property=\"article:modified_time\" content=\"2024-02-12T11:57:37+00:00\" \/>\n<meta property=\"og:image\" content=\"https:\/\/autelec.es\/wp-content\/uploads\/2024\/02\/vicent-carot.jpg\" \/>\n\t<meta property=\"og:image:width\" content=\"726\" \/>\n\t<meta property=\"og:image:height\" content=\"1000\" \/>\n\t<meta property=\"og:image:type\" content=\"image\/jpeg\" \/>\n<meta name=\"author\" content=\"Autelec\" \/>\n<meta name=\"twitter:card\" content=\"summary_large_image\" \/>\n<meta name=\"twitter:creator\" content=\"@autelec\" \/>\n<meta name=\"twitter:site\" content=\"@autelec\" \/>\n<meta name=\"twitter:label1\" content=\"Escrito por\" \/>\n\t<meta name=\"twitter:data1\" content=\"Autelec\" \/>\n\t<meta name=\"twitter:label2\" content=\"Tempo estimado de leitura\" \/>\n\t<meta name=\"twitter:data2\" content=\"3 minutos\" \/>\n<script type=\"application\/ld+json\" class=\"yoast-schema-graph\">{\"@context\":\"https:\/\/schema.org\",\"@graph\":[{\"@type\":\"Article\",\"@id\":\"https:\/\/autelec.es\/vicente-carot-desde-autelec-intentamos-que-los-equipos-continuen-funcionando-a-pleno-rendimiento-con-el-menor-gasto-posible\/#article\",\"isPartOf\":{\"@id\":\"https:\/\/autelec.es\/vicente-carot-desde-autelec-intentamos-que-los-equipos-continuen-funcionando-a-pleno-rendimiento-con-el-menor-gasto-posible\/\"},\"author\":{\"name\":\"Autelec\",\"@id\":\"https:\/\/autelec.es\/#\/schema\/person\/383db1ae4c98d38da90f442f167db8f4\"},\"headline\":\"Vicente Carot: \u201cNa AUTELEC procuramos garantir que os equipamentos continuem a funcionar a plena capacidade com o menor gasto poss\u00edvel\u201d\",\"datePublished\":\"2024-02-12T11:54:55+00:00\",\"dateModified\":\"2024-02-12T11:57:37+00:00\",\"mainEntityOfPage\":{\"@id\":\"https:\/\/autelec.es\/vicente-carot-desde-autelec-intentamos-que-los-equipos-continuen-funcionando-a-pleno-rendimiento-con-el-menor-gasto-posible\/\"},\"wordCount\":609,\"commentCount\":0,\"image\":{\"@id\":\"https:\/\/autelec.es\/vicente-carot-desde-autelec-intentamos-que-los-equipos-continuen-funcionando-a-pleno-rendimiento-con-el-menor-gasto-posible\/#primaryimage\"},\"thumbnailUrl\":\"https:\/\/autelec.es\/wp-content\/uploads\/2024\/02\/vicent-carot.jpg\",\"inLanguage\":\"pt-PT\",\"potentialAction\":[{\"@type\":\"CommentAction\",\"name\":\"Comment\",\"target\":[\"https:\/\/autelec.es\/vicente-carot-desde-autelec-intentamos-que-los-equipos-continuen-funcionando-a-pleno-rendimiento-con-el-menor-gasto-posible\/#respond\"]}]},{\"@type\":\"WebPage\",\"@id\":\"https:\/\/autelec.es\/vicente-carot-desde-autelec-intentamos-que-los-equipos-continuen-funcionando-a-pleno-rendimiento-con-el-menor-gasto-posible\/\",\"url\":\"https:\/\/autelec.es\/vicente-carot-desde-autelec-intentamos-que-los-equipos-continuen-funcionando-a-pleno-rendimiento-con-el-menor-gasto-posible\/\",\"name\":\"Vicente Carot: \u201cNa AUTELEC procuramos garantir que os equipamentos continuem a funcionar a plena capacidade com o menor gasto poss\u00edvel\u201d &#187; Autelec\",\"isPartOf\":{\"@id\":\"https:\/\/autelec.es\/#website\"},\"primaryImageOfPage\":{\"@id\":\"https:\/\/autelec.es\/vicente-carot-desde-autelec-intentamos-que-los-equipos-continuen-funcionando-a-pleno-rendimiento-con-el-menor-gasto-posible\/#primaryimage\"},\"image\":{\"@id\":\"https:\/\/autelec.es\/vicente-carot-desde-autelec-intentamos-que-los-equipos-continuen-funcionando-a-pleno-rendimiento-con-el-menor-gasto-posible\/#primaryimage\"},\"thumbnailUrl\":\"https:\/\/autelec.es\/wp-content\/uploads\/2024\/02\/vicent-carot.jpg\",\"datePublished\":\"2024-02-12T11:54:55+00:00\",\"dateModified\":\"2024-02-12T11:57:37+00:00\",\"author\":{\"@id\":\"https:\/\/autelec.es\/#\/schema\/person\/383db1ae4c98d38da90f442f167db8f4\"},\"description\":\"Maquinarias aceite de oliva\",\"breadcrumb\":{\"@id\":\"https:\/\/autelec.es\/vicente-carot-desde-autelec-intentamos-que-los-equipos-continuen-funcionando-a-pleno-rendimiento-con-el-menor-gasto-posible\/#breadcrumb\"},\"inLanguage\":\"pt-PT\",\"potentialAction\":[{\"@type\":\"ReadAction\",\"target\":[\"https:\/\/autelec.es\/vicente-carot-desde-autelec-intentamos-que-los-equipos-continuen-funcionando-a-pleno-rendimiento-con-el-menor-gasto-posible\/\"]}]},{\"@type\":\"ImageObject\",\"inLanguage\":\"pt-PT\",\"@id\":\"https:\/\/autelec.es\/vicente-carot-desde-autelec-intentamos-que-los-equipos-continuen-funcionando-a-pleno-rendimiento-con-el-menor-gasto-posible\/#primaryimage\",\"url\":\"https:\/\/autelec.es\/wp-content\/uploads\/2024\/02\/vicent-carot.jpg\",\"contentUrl\":\"https:\/\/autelec.es\/wp-content\/uploads\/2024\/02\/vicent-carot.jpg\",\"width\":726,\"height\":1000},{\"@type\":\"BreadcrumbList\",\"@id\":\"https:\/\/autelec.es\/vicente-carot-desde-autelec-intentamos-que-los-equipos-continuen-funcionando-a-pleno-rendimiento-con-el-menor-gasto-posible\/#breadcrumb\",\"itemListElement\":[{\"@type\":\"ListItem\",\"position\":1,\"name\":\"Portada\",\"item\":\"https:\/\/autelec.es\/\"},{\"@type\":\"ListItem\",\"position\":2,\"name\":\"Vicente Carot: \u201cNa AUTELEC procuramos garantir que os equipamentos continuem a funcionar a plena capacidade com o menor gasto poss\u00edvel\u201d\"}]},{\"@type\":\"WebSite\",\"@id\":\"https:\/\/autelec.es\/#website\",\"url\":\"https:\/\/autelec.es\/\",\"name\":\"Autelec\",\"description\":\"Otro sitio realizado con WordPress\",\"potentialAction\":[{\"@type\":\"SearchAction\",\"target\":{\"@type\":\"EntryPoint\",\"urlTemplate\":\"https:\/\/autelec.es\/?s={search_term_string}\"},\"query-input\":{\"@type\":\"PropertyValueSpecification\",\"valueRequired\":true,\"valueName\":\"search_term_string\"}}],\"inLanguage\":\"pt-PT\"},{\"@type\":\"Person\",\"@id\":\"https:\/\/autelec.es\/#\/schema\/person\/383db1ae4c98d38da90f442f167db8f4\",\"name\":\"Autelec\",\"url\":\"https:\/\/autelec.es\/pt-pt\/author\/wp_sp\/\"}]}<\/script>\n<!-- \/ Yoast SEO plugin. -->","yoast_head_json":{"title":"Vicente Carot: \u201cNa AUTELEC procuramos garantir que os equipamentos continuem a funcionar a plena capacidade com o menor gasto poss\u00edvel\u201d &#187; Autelec","description":"Maquinarias aceite de oliva","robots":{"index":"index","follow":"follow","max-snippet":"max-snippet:-1","max-image-preview":"max-image-preview:large","max-video-preview":"max-video-preview:-1"},"canonical":"https:\/\/autelec.es\/vicente-carot-desde-autelec-intentamos-que-los-equipos-continuen-funcionando-a-pleno-rendimiento-con-el-menor-gasto-posible\/","og_locale":"pt_PT","og_type":"article","og_title":"Vicente Carot: \u201cNa AUTELEC procuramos garantir que os equipamentos continuem a funcionar a plena capacidade com o menor gasto poss\u00edvel\u201d &#187; Autelec","og_description":"Maquinarias aceite de oliva","og_url":"https:\/\/autelec.es\/vicente-carot-desde-autelec-intentamos-que-los-equipos-continuen-funcionando-a-pleno-rendimiento-con-el-menor-gasto-posible\/","og_site_name":"Autelec","article_publisher":"https:\/\/www.facebook.com\/autelec.tecnologia.sl\/","article_published_time":"2024-02-12T11:54:55+00:00","article_modified_time":"2024-02-12T11:57:37+00:00","og_image":[{"width":726,"height":1000,"url":"https:\/\/autelec.es\/wp-content\/uploads\/2024\/02\/vicent-carot.jpg","type":"image\/jpeg"}],"author":"Autelec","twitter_card":"summary_large_image","twitter_creator":"@autelec","twitter_site":"@autelec","twitter_misc":{"Escrito por":"Autelec","Tempo estimado de leitura":"3 minutos"},"schema":{"@context":"https:\/\/schema.org","@graph":[{"@type":"Article","@id":"https:\/\/autelec.es\/vicente-carot-desde-autelec-intentamos-que-los-equipos-continuen-funcionando-a-pleno-rendimiento-con-el-menor-gasto-posible\/#article","isPartOf":{"@id":"https:\/\/autelec.es\/vicente-carot-desde-autelec-intentamos-que-los-equipos-continuen-funcionando-a-pleno-rendimiento-con-el-menor-gasto-posible\/"},"author":{"name":"Autelec","@id":"https:\/\/autelec.es\/#\/schema\/person\/383db1ae4c98d38da90f442f167db8f4"},"headline":"Vicente Carot: \u201cNa AUTELEC procuramos garantir que os equipamentos continuem a funcionar a plena capacidade com o menor gasto poss\u00edvel\u201d","datePublished":"2024-02-12T11:54:55+00:00","dateModified":"2024-02-12T11:57:37+00:00","mainEntityOfPage":{"@id":"https:\/\/autelec.es\/vicente-carot-desde-autelec-intentamos-que-los-equipos-continuen-funcionando-a-pleno-rendimiento-con-el-menor-gasto-posible\/"},"wordCount":609,"commentCount":0,"image":{"@id":"https:\/\/autelec.es\/vicente-carot-desde-autelec-intentamos-que-los-equipos-continuen-funcionando-a-pleno-rendimiento-con-el-menor-gasto-posible\/#primaryimage"},"thumbnailUrl":"https:\/\/autelec.es\/wp-content\/uploads\/2024\/02\/vicent-carot.jpg","inLanguage":"pt-PT","potentialAction":[{"@type":"CommentAction","name":"Comment","target":["https:\/\/autelec.es\/vicente-carot-desde-autelec-intentamos-que-los-equipos-continuen-funcionando-a-pleno-rendimiento-con-el-menor-gasto-posible\/#respond"]}]},{"@type":"WebPage","@id":"https:\/\/autelec.es\/vicente-carot-desde-autelec-intentamos-que-los-equipos-continuen-funcionando-a-pleno-rendimiento-con-el-menor-gasto-posible\/","url":"https:\/\/autelec.es\/vicente-carot-desde-autelec-intentamos-que-los-equipos-continuen-funcionando-a-pleno-rendimiento-con-el-menor-gasto-posible\/","name":"Vicente Carot: \u201cNa AUTELEC procuramos garantir que os equipamentos continuem a funcionar a plena capacidade com o menor gasto poss\u00edvel\u201d &#187; Autelec","isPartOf":{"@id":"https:\/\/autelec.es\/#website"},"primaryImageOfPage":{"@id":"https:\/\/autelec.es\/vicente-carot-desde-autelec-intentamos-que-los-equipos-continuen-funcionando-a-pleno-rendimiento-con-el-menor-gasto-posible\/#primaryimage"},"image":{"@id":"https:\/\/autelec.es\/vicente-carot-desde-autelec-intentamos-que-los-equipos-continuen-funcionando-a-pleno-rendimiento-con-el-menor-gasto-posible\/#primaryimage"},"thumbnailUrl":"https:\/\/autelec.es\/wp-content\/uploads\/2024\/02\/vicent-carot.jpg","datePublished":"2024-02-12T11:54:55+00:00","dateModified":"2024-02-12T11:57:37+00:00","author":{"@id":"https:\/\/autelec.es\/#\/schema\/person\/383db1ae4c98d38da90f442f167db8f4"},"description":"Maquinarias aceite de oliva","breadcrumb":{"@id":"https:\/\/autelec.es\/vicente-carot-desde-autelec-intentamos-que-los-equipos-continuen-funcionando-a-pleno-rendimiento-con-el-menor-gasto-posible\/#breadcrumb"},"inLanguage":"pt-PT","potentialAction":[{"@type":"ReadAction","target":["https:\/\/autelec.es\/vicente-carot-desde-autelec-intentamos-que-los-equipos-continuen-funcionando-a-pleno-rendimiento-con-el-menor-gasto-posible\/"]}]},{"@type":"ImageObject","inLanguage":"pt-PT","@id":"https:\/\/autelec.es\/vicente-carot-desde-autelec-intentamos-que-los-equipos-continuen-funcionando-a-pleno-rendimiento-con-el-menor-gasto-posible\/#primaryimage","url":"https:\/\/autelec.es\/wp-content\/uploads\/2024\/02\/vicent-carot.jpg","contentUrl":"https:\/\/autelec.es\/wp-content\/uploads\/2024\/02\/vicent-carot.jpg","width":726,"height":1000},{"@type":"BreadcrumbList","@id":"https:\/\/autelec.es\/vicente-carot-desde-autelec-intentamos-que-los-equipos-continuen-funcionando-a-pleno-rendimiento-con-el-menor-gasto-posible\/#breadcrumb","itemListElement":[{"@type":"ListItem","position":1,"name":"Portada","item":"https:\/\/autelec.es\/"},{"@type":"ListItem","position":2,"name":"Vicente Carot: \u201cNa AUTELEC procuramos garantir que os equipamentos continuem a funcionar a plena capacidade com o menor gasto poss\u00edvel\u201d"}]},{"@type":"WebSite","@id":"https:\/\/autelec.es\/#website","url":"https:\/\/autelec.es\/","name":"Autelec","description":"Otro sitio realizado con WordPress","potentialAction":[{"@type":"SearchAction","target":{"@type":"EntryPoint","urlTemplate":"https:\/\/autelec.es\/?s={search_term_string}"},"query-input":{"@type":"PropertyValueSpecification","valueRequired":true,"valueName":"search_term_string"}}],"inLanguage":"pt-PT"},{"@type":"Person","@id":"https:\/\/autelec.es\/#\/schema\/person\/383db1ae4c98d38da90f442f167db8f4","name":"Autelec","url":"https:\/\/autelec.es\/pt-pt\/author\/wp_sp\/"}]}},"_links":{"self":[{"href":"https:\/\/autelec.es\/pt-pt\/wp-json\/wp\/v2\/posts\/2115","targetHints":{"allow":["GET"]}}],"collection":[{"href":"https:\/\/autelec.es\/pt-pt\/wp-json\/wp\/v2\/posts"}],"about":[{"href":"https:\/\/autelec.es\/pt-pt\/wp-json\/wp\/v2\/types\/post"}],"author":[{"embeddable":true,"href":"https:\/\/autelec.es\/pt-pt\/wp-json\/wp\/v2\/users\/1"}],"replies":[{"embeddable":true,"href":"https:\/\/autelec.es\/pt-pt\/wp-json\/wp\/v2\/comments?post=2115"}],"version-history":[{"count":4,"href":"https:\/\/autelec.es\/pt-pt\/wp-json\/wp\/v2\/posts\/2115\/revisions"}],"predecessor-version":[{"id":2131,"href":"https:\/\/autelec.es\/pt-pt\/wp-json\/wp\/v2\/posts\/2115\/revisions\/2131"}],"wp:featuredmedia":[{"embeddable":true,"href":"https:\/\/autelec.es\/pt-pt\/wp-json\/wp\/v2\/media\/2090"}],"wp:attachment":[{"href":"https:\/\/autelec.es\/pt-pt\/wp-json\/wp\/v2\/media?parent=2115"}],"wp:term":[{"taxonomy":"category","embeddable":true,"href":"https:\/\/autelec.es\/pt-pt\/wp-json\/wp\/v2\/categories?post=2115"},{"taxonomy":"post_tag","embeddable":true,"href":"https:\/\/autelec.es\/pt-pt\/wp-json\/wp\/v2\/tags?post=2115"}],"curies":[{"name":"wp","href":"https:\/\/api.w.org\/{rel}","templated":true}]}}