{"id":2118,"date":"2024-02-12T11:55:30","date_gmt":"2024-02-12T11:55:30","guid":{"rendered":"https:\/\/autelec.es\/a-gala-dos-premios-internacionais-de-qualidade-do-azeite-virgem-extra-premios-evooleum\/"},"modified":"2024-02-12T11:55:31","modified_gmt":"2024-02-12T11:55:31","slug":"a-gala-dos-premios-internacionais-de-qualidade-do-azeite-virgem-extra-premios-evooleum","status":"publish","type":"post","link":"https:\/\/autelec.es\/pt-pt\/a-gala-dos-premios-internacionais-de-qualidade-do-azeite-virgem-extra-premios-evooleum\/","title":{"rendered":"A Gala dos Pr\u00e9mios Internacionais de Qualidade do Azeite Virgem Extra Pr\u00e9mios EVOOLEUM"},"content":{"rendered":"[vc_row type=&#8221;in_container&#8221; full_screen_row_position=&#8221;middle&#8221; column_margin=&#8221;default&#8221; column_direction=&#8221;default&#8221; column_direction_tablet=&#8221;default&#8221; column_direction_phone=&#8221;default&#8221; scene_position=&#8221;center&#8221; text_color=&#8221;dark&#8221; text_align=&#8221;left&#8221; row_border_radius=&#8221;none&#8221; row_border_radius_applies=&#8221;bg&#8221; overflow=&#8221;visible&#8221; overlay_strength=&#8221;0.3&#8243; gradient_direction=&#8221;left_to_right&#8221; shape_divider_position=&#8221;bottom&#8221; bg_image_animation=&#8221;none&#8221;][vc_column column_padding=&#8221;no-extra-padding&#8221; column_padding_tablet=&#8221;inherit&#8221; column_padding_phone=&#8221;inherit&#8221; column_padding_position=&#8221;all&#8221; column_element_spacing=&#8221;default&#8221; centered_text=&#8221;true&#8221; background_color_opacity=&#8221;1&#8243; background_hover_color_opacity=&#8221;1&#8243; column_shadow=&#8221;none&#8221; column_border_radius=&#8221;none&#8221; column_link_target=&#8221;_self&#8221; column_position=&#8221;default&#8221; advanced_gradient_angle=&#8221;0&#8243; gradient_direction=&#8221;left_to_right&#8221; overlay_strength=&#8221;0.3&#8243; width=&#8221;1\/1&#8243; tablet_width_inherit=&#8221;default&#8221; tablet_text_alignment=&#8221;default&#8221; phone_text_alignment=&#8221;default&#8221; animation_type=&#8221;default&#8221; bg_image_animation=&#8221;none&#8221; border_type=&#8221;simple&#8221; column_border_width=&#8221;none&#8221; column_border_style=&#8221;solid&#8221; gradient_type=&#8221;default&#8221;][vc_column_text]\n<p style=\"text-align: center;\"><b>Gala dos Pr\u00eamios Internacionais de Qualidade do Azeite Virgem Extra EVOOLEUM<\/b><\/p>\n[\/vc_column_text][divider line_type=&#8221;No Line&#8221; custom_height=&#8221;50&#8243;][vc_column_text]\n<div class=\"page\" title=\"P\u00e1gina 1\">\n<div class=\"layoutArea\">\n<div class=\"coluna\">\n<div class=\"page\" title=\"P\u00e1gina 1\">\n<div class=\"layoutArea\">\n<div class=\"coluna\">\n<p style=\"font-weight: 400;\">A Gala dos Pr\u00e9mios Internacionais de Qualidade do Azeite Virgem Extra EVOOLEUM Awards, realizada no dia 16 de Janeiro, afirmou-se mais uma vez como o grande festival mundial do azeite virgem extra e um merecido homenagem a produtores de todo o mundo. O evento contou com a presen\u00e7a do Ministro da Agricultura, Pescas e Alimenta\u00e7\u00e3o, Luis Planas, e de destacados produtores nacionais e internacionais de pa\u00edses como It\u00e1lia, Brasil, Cro\u00e1cia, L\u00edbano, Israel e China. Agora \u00e9 poss\u00edvel mergulhar no acontecimento do ano gra\u00e7as ao v\u00eddeo que a EVOOLEUM lan\u00e7ou e que voc\u00ea confere abaixo.<\/p>\n<\/div>\n<\/div>\n<\/div>\n<\/div>\n<\/div>\n<\/div>\n[\/vc_column_text][divider line_type=&#8221;No Line&#8221; custom_height=&#8221;50&#8243;][vc_video link=&#8221;https:\/\/youtu.be\/PRlFTWlqcxg&#8221; align=&#8221;center&#8221;][\/vc_column][\/vc_row][vc_row type=&#8221;in_container&#8221; full_screen_row_position=&#8221;middle&#8221; column_margin=&#8221;default&#8221; column_direction=&#8221;default&#8221; column_direction_tablet=&#8221;default&#8221; column_direction_phone=&#8221;default&#8221; scene_position=&#8221;center&#8221; text_color=&#8221;dark&#8221; text_align=&#8221;left&#8221; row_border_radius=&#8221;none&#8221; row_border_radius_applies=&#8221;bg&#8221; overflow=&#8221;visible&#8221; overlay_strength=&#8221;0.3&#8243; gradient_direction=&#8221;left_to_right&#8221; shape_divider_position=&#8221;bottom&#8221; bg_image_animation=&#8221;none&#8221;][vc_column column_padding=&#8221;no-extra-padding&#8221; column_padding_tablet=&#8221;inherit&#8221; column_padding_phone=&#8221;inherit&#8221; column_padding_position=&#8221;all&#8221; column_element_spacing=&#8221;default&#8221; background_color_opacity=&#8221;1&#8243; background_hover_color_opacity=&#8221;1&#8243; column_shadow=&#8221;none&#8221; column_border_radius=&#8221;none&#8221; column_link_target=&#8221;_self&#8221; column_position=&#8221;default&#8221; gradient_direction=&#8221;left_to_right&#8221; overlay_strength=&#8221;0.3&#8243; width=&#8221;1\/4&#8243; tablet_width_inherit=&#8221;default&#8221; tablet_text_alignment=&#8221;default&#8221; phone_text_alignment=&#8221;default&#8221; animation_type=&#8221;default&#8221; bg_image_animation=&#8221;none&#8221; border_type=&#8221;simple&#8221; column_border_width=&#8221;none&#8221; column_border_style=&#8221;solid&#8221;][\/vc_column][vc_column column_padding=&#8221;no-extra-padding&#8221; column_padding_tablet=&#8221;inherit&#8221; column_padding_phone=&#8221;inherit&#8221; column_padding_position=&#8221;all&#8221; column_element_spacing=&#8221;default&#8221; centered_text=&#8221;true&#8221; background_color_opacity=&#8221;1&#8243; background_hover_color_opacity=&#8221;1&#8243; column_shadow=&#8221;none&#8221; column_border_radius=&#8221;none&#8221; column_link_target=&#8221;_self&#8221; column_position=&#8221;default&#8221; advanced_gradient_angle=&#8221;0&#8243; gradient_direction=&#8221;left_to_right&#8221; overlay_strength=&#8221;0.3&#8243; width=&#8221;1\/2&#8243; tablet_width_inherit=&#8221;default&#8221; tablet_text_alignment=&#8221;default&#8221; phone_text_alignment=&#8221;default&#8221; animation_type=&#8221;default&#8221; bg_image_animation=&#8221;none&#8221; border_type=&#8221;simple&#8221; column_border_width=&#8221;none&#8221; column_border_style=&#8221;solid&#8221; gradient_type=&#8221;default&#8221;][divider line_type=&#8221;No Line&#8221; custom_height=&#8221;50&#8243;][image_with_animation image_url=&#8221;2093&#8243; image_size=&#8221;full&#8221; animation_type=&#8221;entrance&#8221; animation=&#8221;Fade In&#8221; hover_animation=&#8221;none&#8221; alignment=&#8221;center&#8221; border_radius=&#8221;none&#8221; box_shadow=&#8221;none&#8221; image_loading=&#8221;default&#8221; max_width=&#8221;100%&#8221; max_width_mobile=&#8221;default&#8221;][vc_column_text]Vicente Carot, gerente da AUTELEC, e Joaquin Reyes, embaixador do azeite.[\/vc_column_text][\/vc_column][vc_column column_padding=&#8221;no-extra-padding&#8221; column_padding_tablet=&#8221;inherit&#8221; column_padding_phone=&#8221;inherit&#8221; column_padding_position=&#8221;all&#8221; column_element_spacing=&#8221;default&#8221; background_color_opacity=&#8221;1&#8243; background_hover_color_opacity=&#8221;1&#8243; column_shadow=&#8221;none&#8221; column_border_radius=&#8221;none&#8221; column_link_target=&#8221;_self&#8221; column_position=&#8221;default&#8221; gradient_direction=&#8221;left_to_right&#8221; overlay_strength=&#8221;0.3&#8243; width=&#8221;1\/4&#8243; tablet_width_inherit=&#8221;default&#8221; tablet_text_alignment=&#8221;default&#8221; phone_text_alignment=&#8221;default&#8221; animation_type=&#8221;default&#8221; bg_image_animation=&#8221;none&#8221; border_type=&#8221;simple&#8221; column_border_width=&#8221;none&#8221; column_border_style=&#8221;solid&#8221;][\/vc_column][\/vc_row]\n","protected":false},"excerpt":{"rendered":"<p>[vc_row type=&#8221;in_container&#8221; full_screen_row_position=&#8221;middle&#8221; column_margin=&#8221;default&#8221; column_direction=&#8221;default&#8221; column_direction_tablet=&#8221;default&#8221; column_direction_phone=&#8221;default&#8221; scene_position=&#8221;center&#8221; text_color=&#8221;dark&#8221; text_align=&#8221;left&#8221; row_border_radius=&#8221;none&#8221; row_border_radius_applies=&#8221;bg&#8221; overflow=&#8221;visible&#8221; overlay_strength=&#8221;0.3&#8243; gradient_direction=&#8221;left_to_right&#8221; shape_divider_position=&#8221;bottom&#8221; bg_image_animation=&#8221;none&#8221;][vc_column column_padding=&#8221;no-extra-padding&#8221; column_padding_tablet=&#8221;inherit&#8221; column_padding_phone=&#8221;inherit&#8221; column_padding_position=&#8221;all&#8221; column_element_spacing=&#8221;default&#8221; centered_text=&#8221;true&#8221; background_color_opacity=&#8221;1&#8243; background_hover_color_opacity=&#8221;1&#8243; column_shadow=&#8221;none&#8221; column_border_radius=&#8221;none&#8221; column_link_target=&#8221;_self&#8221; column_position=&#8221;default&#8221; advanced_gradient_angle=&#8221;0&#8243;&#8230;<\/p>\n","protected":false},"author":1,"featured_media":2096,"comment_status":"open","ping_status":"open","sticky":false,"template":"","format":"standard","meta":{"_exactmetrics_skip_tracking":false,"_exactmetrics_sitenote_active":false,"_exactmetrics_sitenote_note":"","_exactmetrics_sitenote_category":0,"footnotes":""},"categories":[56],"tags":[],"class_list":{"0":"post-2118","1":"post","2":"type-post","3":"status-publish","4":"format-standard","5":"has-post-thumbnail","7":"category-sem-categoria"},"yoast_head":"<!-- This site is optimized with the Yoast SEO plugin v26.9 - https:\/\/yoast.com\/product\/yoast-seo-wordpress\/ -->\n<title>A Gala dos Pr\u00e9mios Internacionais de Qualidade do Azeite Virgem Extra Pr\u00e9mios EVOOLEUM &#187; Autelec<\/title>\n<meta name=\"description\" content=\"Maquinarias aceite de oliva\" \/>\n<meta name=\"robots\" content=\"index, follow, max-snippet:-1, max-image-preview:large, max-video-preview:-1\" \/>\n<link rel=\"canonical\" href=\"https:\/\/autelec.es\/la-gala-de-los-premios-internacionales-a-la-calidad-del-aceite-de-oliva-virgen-extra-evooleum-awards\/\" \/>\n<meta property=\"og:locale\" content=\"pt_PT\" \/>\n<meta property=\"og:type\" content=\"article\" \/>\n<meta property=\"og:title\" content=\"A Gala dos Pr\u00e9mios Internacionais de Qualidade do Azeite Virgem Extra Pr\u00e9mios EVOOLEUM &#187; Autelec\" \/>\n<meta property=\"og:description\" content=\"Maquinarias aceite de oliva\" \/>\n<meta property=\"og:url\" content=\"https:\/\/autelec.es\/la-gala-de-los-premios-internacionales-a-la-calidad-del-aceite-de-oliva-virgen-extra-evooleum-awards\/\" \/>\n<meta property=\"og:site_name\" content=\"Autelec\" \/>\n<meta property=\"article:publisher\" content=\"https:\/\/www.facebook.com\/autelec.tecnologia.sl\/\" \/>\n<meta property=\"article:published_time\" content=\"2024-02-12T11:55:30+00:00\" \/>\n<meta property=\"article:modified_time\" content=\"2024-02-12T11:55:31+00:00\" \/>\n<meta property=\"og:image\" content=\"https:\/\/autelec.es\/wp-content\/uploads\/2024\/02\/Joaquin-Reyes-Embajador-del-aceite-de-oliva.jpg\" \/>\n\t<meta property=\"og:image:width\" content=\"1255\" \/>\n\t<meta property=\"og:image:height\" content=\"1037\" \/>\n\t<meta property=\"og:image:type\" content=\"image\/jpeg\" \/>\n<meta name=\"author\" content=\"Autelec\" \/>\n<meta name=\"twitter:card\" content=\"summary_large_image\" \/>\n<meta name=\"twitter:creator\" content=\"@autelec\" \/>\n<meta name=\"twitter:site\" content=\"@autelec\" \/>\n<meta name=\"twitter:label1\" content=\"Escrito por\" \/>\n\t<meta name=\"twitter:data1\" content=\"Autelec\" \/>\n\t<meta name=\"twitter:label2\" content=\"Tempo estimado de leitura\" \/>\n\t<meta name=\"twitter:data2\" content=\"3 minutos\" \/>\n<script type=\"application\/ld+json\" class=\"yoast-schema-graph\">{\"@context\":\"https:\/\/schema.org\",\"@graph\":[{\"@type\":\"Article\",\"@id\":\"https:\/\/autelec.es\/la-gala-de-los-premios-internacionales-a-la-calidad-del-aceite-de-oliva-virgen-extra-evooleum-awards\/#article\",\"isPartOf\":{\"@id\":\"https:\/\/autelec.es\/la-gala-de-los-premios-internacionales-a-la-calidad-del-aceite-de-oliva-virgen-extra-evooleum-awards\/\"},\"author\":{\"name\":\"Autelec\",\"@id\":\"https:\/\/autelec.es\/#\/schema\/person\/383db1ae4c98d38da90f442f167db8f4\"},\"headline\":\"A Gala dos Pr\u00e9mios Internacionais de Qualidade do Azeite Virgem Extra Pr\u00e9mios EVOOLEUM\",\"datePublished\":\"2024-02-12T11:55:30+00:00\",\"dateModified\":\"2024-02-12T11:55:31+00:00\",\"mainEntityOfPage\":{\"@id\":\"https:\/\/autelec.es\/la-gala-de-los-premios-internacionales-a-la-calidad-del-aceite-de-oliva-virgen-extra-evooleum-awards\/\"},\"wordCount\":691,\"commentCount\":0,\"image\":{\"@id\":\"https:\/\/autelec.es\/la-gala-de-los-premios-internacionales-a-la-calidad-del-aceite-de-oliva-virgen-extra-evooleum-awards\/#primaryimage\"},\"thumbnailUrl\":\"https:\/\/autelec.es\/wp-content\/uploads\/2024\/02\/Joaquin-Reyes-Embajador-del-aceite-de-oliva.jpg\",\"inLanguage\":\"pt-PT\",\"potentialAction\":[{\"@type\":\"CommentAction\",\"name\":\"Comment\",\"target\":[\"https:\/\/autelec.es\/la-gala-de-los-premios-internacionales-a-la-calidad-del-aceite-de-oliva-virgen-extra-evooleum-awards\/#respond\"]}]},{\"@type\":\"WebPage\",\"@id\":\"https:\/\/autelec.es\/la-gala-de-los-premios-internacionales-a-la-calidad-del-aceite-de-oliva-virgen-extra-evooleum-awards\/\",\"url\":\"https:\/\/autelec.es\/la-gala-de-los-premios-internacionales-a-la-calidad-del-aceite-de-oliva-virgen-extra-evooleum-awards\/\",\"name\":\"A Gala dos Pr\u00e9mios Internacionais de Qualidade do Azeite Virgem Extra Pr\u00e9mios EVOOLEUM &#187; Autelec\",\"isPartOf\":{\"@id\":\"https:\/\/autelec.es\/#website\"},\"primaryImageOfPage\":{\"@id\":\"https:\/\/autelec.es\/la-gala-de-los-premios-internacionales-a-la-calidad-del-aceite-de-oliva-virgen-extra-evooleum-awards\/#primaryimage\"},\"image\":{\"@id\":\"https:\/\/autelec.es\/la-gala-de-los-premios-internacionales-a-la-calidad-del-aceite-de-oliva-virgen-extra-evooleum-awards\/#primaryimage\"},\"thumbnailUrl\":\"https:\/\/autelec.es\/wp-content\/uploads\/2024\/02\/Joaquin-Reyes-Embajador-del-aceite-de-oliva.jpg\",\"datePublished\":\"2024-02-12T11:55:30+00:00\",\"dateModified\":\"2024-02-12T11:55:31+00:00\",\"author\":{\"@id\":\"https:\/\/autelec.es\/#\/schema\/person\/383db1ae4c98d38da90f442f167db8f4\"},\"description\":\"Maquinarias aceite de oliva\",\"breadcrumb\":{\"@id\":\"https:\/\/autelec.es\/la-gala-de-los-premios-internacionales-a-la-calidad-del-aceite-de-oliva-virgen-extra-evooleum-awards\/#breadcrumb\"},\"inLanguage\":\"pt-PT\",\"potentialAction\":[{\"@type\":\"ReadAction\",\"target\":[\"https:\/\/autelec.es\/la-gala-de-los-premios-internacionales-a-la-calidad-del-aceite-de-oliva-virgen-extra-evooleum-awards\/\"]}]},{\"@type\":\"ImageObject\",\"inLanguage\":\"pt-PT\",\"@id\":\"https:\/\/autelec.es\/la-gala-de-los-premios-internacionales-a-la-calidad-del-aceite-de-oliva-virgen-extra-evooleum-awards\/#primaryimage\",\"url\":\"https:\/\/autelec.es\/wp-content\/uploads\/2024\/02\/Joaquin-Reyes-Embajador-del-aceite-de-oliva.jpg\",\"contentUrl\":\"https:\/\/autelec.es\/wp-content\/uploads\/2024\/02\/Joaquin-Reyes-Embajador-del-aceite-de-oliva.jpg\",\"width\":1255,\"height\":1037},{\"@type\":\"BreadcrumbList\",\"@id\":\"https:\/\/autelec.es\/la-gala-de-los-premios-internacionales-a-la-calidad-del-aceite-de-oliva-virgen-extra-evooleum-awards\/#breadcrumb\",\"itemListElement\":[{\"@type\":\"ListItem\",\"position\":1,\"name\":\"Portada\",\"item\":\"https:\/\/autelec.es\/\"},{\"@type\":\"ListItem\",\"position\":2,\"name\":\"A Gala dos Pr\u00e9mios Internacionais de Qualidade do Azeite Virgem Extra Pr\u00e9mios EVOOLEUM\"}]},{\"@type\":\"WebSite\",\"@id\":\"https:\/\/autelec.es\/#website\",\"url\":\"https:\/\/autelec.es\/\",\"name\":\"Autelec\",\"description\":\"Otro sitio realizado con WordPress\",\"potentialAction\":[{\"@type\":\"SearchAction\",\"target\":{\"@type\":\"EntryPoint\",\"urlTemplate\":\"https:\/\/autelec.es\/?s={search_term_string}\"},\"query-input\":{\"@type\":\"PropertyValueSpecification\",\"valueRequired\":true,\"valueName\":\"search_term_string\"}}],\"inLanguage\":\"pt-PT\"},{\"@type\":\"Person\",\"@id\":\"https:\/\/autelec.es\/#\/schema\/person\/383db1ae4c98d38da90f442f167db8f4\",\"name\":\"Autelec\",\"url\":\"https:\/\/autelec.es\/pt-pt\/author\/wp_sp\/\"}]}<\/script>\n<!-- \/ Yoast SEO plugin. -->","yoast_head_json":{"title":"A Gala dos Pr\u00e9mios Internacionais de Qualidade do Azeite Virgem Extra Pr\u00e9mios EVOOLEUM &#187; Autelec","description":"Maquinarias aceite de oliva","robots":{"index":"index","follow":"follow","max-snippet":"max-snippet:-1","max-image-preview":"max-image-preview:large","max-video-preview":"max-video-preview:-1"},"canonical":"https:\/\/autelec.es\/la-gala-de-los-premios-internacionales-a-la-calidad-del-aceite-de-oliva-virgen-extra-evooleum-awards\/","og_locale":"pt_PT","og_type":"article","og_title":"A Gala dos Pr\u00e9mios Internacionais de Qualidade do Azeite Virgem Extra Pr\u00e9mios EVOOLEUM &#187; Autelec","og_description":"Maquinarias aceite de oliva","og_url":"https:\/\/autelec.es\/la-gala-de-los-premios-internacionales-a-la-calidad-del-aceite-de-oliva-virgen-extra-evooleum-awards\/","og_site_name":"Autelec","article_publisher":"https:\/\/www.facebook.com\/autelec.tecnologia.sl\/","article_published_time":"2024-02-12T11:55:30+00:00","article_modified_time":"2024-02-12T11:55:31+00:00","og_image":[{"width":1255,"height":1037,"url":"https:\/\/autelec.es\/wp-content\/uploads\/2024\/02\/Joaquin-Reyes-Embajador-del-aceite-de-oliva.jpg","type":"image\/jpeg"}],"author":"Autelec","twitter_card":"summary_large_image","twitter_creator":"@autelec","twitter_site":"@autelec","twitter_misc":{"Escrito por":"Autelec","Tempo estimado de leitura":"3 minutos"},"schema":{"@context":"https:\/\/schema.org","@graph":[{"@type":"Article","@id":"https:\/\/autelec.es\/la-gala-de-los-premios-internacionales-a-la-calidad-del-aceite-de-oliva-virgen-extra-evooleum-awards\/#article","isPartOf":{"@id":"https:\/\/autelec.es\/la-gala-de-los-premios-internacionales-a-la-calidad-del-aceite-de-oliva-virgen-extra-evooleum-awards\/"},"author":{"name":"Autelec","@id":"https:\/\/autelec.es\/#\/schema\/person\/383db1ae4c98d38da90f442f167db8f4"},"headline":"A Gala dos Pr\u00e9mios Internacionais de Qualidade do Azeite Virgem Extra Pr\u00e9mios EVOOLEUM","datePublished":"2024-02-12T11:55:30+00:00","dateModified":"2024-02-12T11:55:31+00:00","mainEntityOfPage":{"@id":"https:\/\/autelec.es\/la-gala-de-los-premios-internacionales-a-la-calidad-del-aceite-de-oliva-virgen-extra-evooleum-awards\/"},"wordCount":691,"commentCount":0,"image":{"@id":"https:\/\/autelec.es\/la-gala-de-los-premios-internacionales-a-la-calidad-del-aceite-de-oliva-virgen-extra-evooleum-awards\/#primaryimage"},"thumbnailUrl":"https:\/\/autelec.es\/wp-content\/uploads\/2024\/02\/Joaquin-Reyes-Embajador-del-aceite-de-oliva.jpg","inLanguage":"pt-PT","potentialAction":[{"@type":"CommentAction","name":"Comment","target":["https:\/\/autelec.es\/la-gala-de-los-premios-internacionales-a-la-calidad-del-aceite-de-oliva-virgen-extra-evooleum-awards\/#respond"]}]},{"@type":"WebPage","@id":"https:\/\/autelec.es\/la-gala-de-los-premios-internacionales-a-la-calidad-del-aceite-de-oliva-virgen-extra-evooleum-awards\/","url":"https:\/\/autelec.es\/la-gala-de-los-premios-internacionales-a-la-calidad-del-aceite-de-oliva-virgen-extra-evooleum-awards\/","name":"A Gala dos Pr\u00e9mios Internacionais de Qualidade do Azeite Virgem Extra Pr\u00e9mios EVOOLEUM &#187; Autelec","isPartOf":{"@id":"https:\/\/autelec.es\/#website"},"primaryImageOfPage":{"@id":"https:\/\/autelec.es\/la-gala-de-los-premios-internacionales-a-la-calidad-del-aceite-de-oliva-virgen-extra-evooleum-awards\/#primaryimage"},"image":{"@id":"https:\/\/autelec.es\/la-gala-de-los-premios-internacionales-a-la-calidad-del-aceite-de-oliva-virgen-extra-evooleum-awards\/#primaryimage"},"thumbnailUrl":"https:\/\/autelec.es\/wp-content\/uploads\/2024\/02\/Joaquin-Reyes-Embajador-del-aceite-de-oliva.jpg","datePublished":"2024-02-12T11:55:30+00:00","dateModified":"2024-02-12T11:55:31+00:00","author":{"@id":"https:\/\/autelec.es\/#\/schema\/person\/383db1ae4c98d38da90f442f167db8f4"},"description":"Maquinarias aceite de oliva","breadcrumb":{"@id":"https:\/\/autelec.es\/la-gala-de-los-premios-internacionales-a-la-calidad-del-aceite-de-oliva-virgen-extra-evooleum-awards\/#breadcrumb"},"inLanguage":"pt-PT","potentialAction":[{"@type":"ReadAction","target":["https:\/\/autelec.es\/la-gala-de-los-premios-internacionales-a-la-calidad-del-aceite-de-oliva-virgen-extra-evooleum-awards\/"]}]},{"@type":"ImageObject","inLanguage":"pt-PT","@id":"https:\/\/autelec.es\/la-gala-de-los-premios-internacionales-a-la-calidad-del-aceite-de-oliva-virgen-extra-evooleum-awards\/#primaryimage","url":"https:\/\/autelec.es\/wp-content\/uploads\/2024\/02\/Joaquin-Reyes-Embajador-del-aceite-de-oliva.jpg","contentUrl":"https:\/\/autelec.es\/wp-content\/uploads\/2024\/02\/Joaquin-Reyes-Embajador-del-aceite-de-oliva.jpg","width":1255,"height":1037},{"@type":"BreadcrumbList","@id":"https:\/\/autelec.es\/la-gala-de-los-premios-internacionales-a-la-calidad-del-aceite-de-oliva-virgen-extra-evooleum-awards\/#breadcrumb","itemListElement":[{"@type":"ListItem","position":1,"name":"Portada","item":"https:\/\/autelec.es\/"},{"@type":"ListItem","position":2,"name":"A Gala dos Pr\u00e9mios Internacionais de Qualidade do Azeite Virgem Extra Pr\u00e9mios EVOOLEUM"}]},{"@type":"WebSite","@id":"https:\/\/autelec.es\/#website","url":"https:\/\/autelec.es\/","name":"Autelec","description":"Otro sitio realizado con WordPress","potentialAction":[{"@type":"SearchAction","target":{"@type":"EntryPoint","urlTemplate":"https:\/\/autelec.es\/?s={search_term_string}"},"query-input":{"@type":"PropertyValueSpecification","valueRequired":true,"valueName":"search_term_string"}}],"inLanguage":"pt-PT"},{"@type":"Person","@id":"https:\/\/autelec.es\/#\/schema\/person\/383db1ae4c98d38da90f442f167db8f4","name":"Autelec","url":"https:\/\/autelec.es\/pt-pt\/author\/wp_sp\/"}]}},"_links":{"self":[{"href":"https:\/\/autelec.es\/pt-pt\/wp-json\/wp\/v2\/posts\/2118","targetHints":{"allow":["GET"]}}],"collection":[{"href":"https:\/\/autelec.es\/pt-pt\/wp-json\/wp\/v2\/posts"}],"about":[{"href":"https:\/\/autelec.es\/pt-pt\/wp-json\/wp\/v2\/types\/post"}],"author":[{"embeddable":true,"href":"https:\/\/autelec.es\/pt-pt\/wp-json\/wp\/v2\/users\/1"}],"replies":[{"embeddable":true,"href":"https:\/\/autelec.es\/pt-pt\/wp-json\/wp\/v2\/comments?post=2118"}],"version-history":[{"count":2,"href":"https:\/\/autelec.es\/pt-pt\/wp-json\/wp\/v2\/posts\/2118\/revisions"}],"predecessor-version":[{"id":2120,"href":"https:\/\/autelec.es\/pt-pt\/wp-json\/wp\/v2\/posts\/2118\/revisions\/2120"}],"wp:featuredmedia":[{"embeddable":true,"href":"https:\/\/autelec.es\/pt-pt\/wp-json\/wp\/v2\/media\/2096"}],"wp:attachment":[{"href":"https:\/\/autelec.es\/pt-pt\/wp-json\/wp\/v2\/media?parent=2118"}],"wp:term":[{"taxonomy":"category","embeddable":true,"href":"https:\/\/autelec.es\/pt-pt\/wp-json\/wp\/v2\/categories?post=2118"},{"taxonomy":"post_tag","embeddable":true,"href":"https:\/\/autelec.es\/pt-pt\/wp-json\/wp\/v2\/tags?post=2118"}],"curies":[{"name":"wp","href":"https:\/\/api.w.org\/{rel}","templated":true}]}}