{"id":2363,"date":"2026-02-09T11:48:42","date_gmt":"2026-02-09T11:48:42","guid":{"rendered":"https:\/\/autelec.es\/autelec-tecnologia-patrocinadora-do-premio-internacional-de-contos-sobre-olivais-azeite-e-turismo-de-oliva\/"},"modified":"2026-02-09T11:48:43","modified_gmt":"2026-02-09T11:48:43","slug":"autelec-tecnologia-patrocinadora-do-premio-internacional-de-contos-sobre-olivais-azeite-e-turismo-de-oliva","status":"publish","type":"post","link":"https:\/\/autelec.es\/pt-pt\/autelec-tecnologia-patrocinadora-do-premio-internacional-de-contos-sobre-olivais-azeite-e-turismo-de-oliva\/","title":{"rendered":"Autelec Tecnolog\u00eda, patrocinadora do Pr\u00eamio Internacional de Contos sobre Olivais, Azeite e Turismo de Oliva"},"content":{"rendered":"[vc_row type=&#8221;in_container&#8221; full_screen_row_position=&#8221;middle&#8221; column_margin=&#8221;default&#8221; column_direction=&#8221;default&#8221; column_direction_tablet=&#8221;default&#8221; column_direction_phone=&#8221;default&#8221; scene_position=&#8221;center&#8221; text_color=&#8221;dark&#8221; text_align=&#8221;left&#8221; row_border_radius=&#8221;none&#8221; row_border_radius_applies=&#8221;bg&#8221; row_position_desktop=&#8221;default&#8221; row_position_tablet=&#8221;inherit&#8221; row_position_phone=&#8221;inherit&#8221; overflow=&#8221;visible&#8221; overlay_strength=&#8221;0.3&#8243; gradient_direction=&#8221;left_to_right&#8221; shape_divider_position=&#8221;bottom&#8221; bg_image_animation=&#8221;none&#8221;][vc_column column_padding=&#8221;no-extra-padding&#8221; column_padding_tablet=&#8221;inherit&#8221; column_padding_phone=&#8221;inherit&#8221; column_padding_position=&#8221;all&#8221; flex_gap_desktop=&#8221;10px&#8221; column_element_direction_desktop=&#8221;default&#8221; column_element_spacing=&#8221;default&#8221; centered_text=&#8221;true&#8221; desktop_text_alignment=&#8221;default&#8221; tablet_text_alignment=&#8221;default&#8221; phone_text_alignment=&#8221;default&#8221; background_color_opacity=&#8221;1&#8243; background_hover_color_opacity=&#8221;1&#8243; column_backdrop_filter=&#8221;none&#8221; column_shadow=&#8221;none&#8221; column_border_radius=&#8221;none&#8221; column_link_target=&#8221;_self&#8221; column_position=&#8221;default&#8221; advanced_gradient_angle=&#8221;0&#8243; gradient_direction=&#8221;left_to_right&#8221; overlay_strength=&#8221;0.3&#8243; width=&#8221;1\/1&#8243; tablet_width_inherit=&#8221;default&#8221; animation_type=&#8221;default&#8221; bg_image_animation=&#8221;none&#8221; border_type=&#8221;simple&#8221; column_border_width=&#8221;none&#8221; column_border_style=&#8221;solid&#8221; gradient_type=&#8221;default&#8221;][vc_column_text css=&#8221;&#8221; text_direction=&#8221;default&#8221;]\n<h2 style=\"text-align: center;\">Autelec Tecnolog\u00eda, patrocinadora do Pr\u00eamio Internacional de Contos<br \/>\nsobre Olivais, Azeite e Turismo da Oliva<\/h2>\n[\/vc_column_text][divider line_type=&#8221;No Line&#8221; custom_height=&#8221;50&#8243;][vc_column_text css=&#8221;&#8221; text_direction=&#8221;default&#8221;]\n<p style=\"text-align: center;\" data-start=\"356\" data-end=\"725\">A Autelec Tecnolog\u00eda passou a integrar-se como empresa patrocinadora do <strong data-start=\"424\" data-end=\"503\">Pr\u00e9mio Internacional de Contos sobre Olival, Azeite e Oleoturismo<\/strong>, um concurso cultural organizado pela Associa\u00e7\u00e3o Cultural M\u00e1squecuentos e convocado pela Ferias Ja\u00e9n, que se consolidou como uma refer\u00eancia internacional na divulga\u00e7\u00e3o da cultura do olival e do azeite.<\/p>\n<p><\/p>\n<p style=\"text-align: center;\" data-start=\"727\" data-end=\"1041\">Esta iniciativa, que em 2025 chega \u00e0 sua oitava edi\u00e7\u00e3o, liga literatura, territ\u00f3rio e o setor agroalimentar, contando com uma forte proje\u00e7\u00e3o internacional. Na edi\u00e7\u00e3o atual, foram recebidos mais de <strong data-start=\"937\" data-end=\"1003\">420 contos provenientes de 21 pa\u00edses e de 40 prov\u00edncias espanholas<\/strong>, estabelecendo um novo recorde de participa\u00e7\u00e3o.<\/p>\n<p><\/p>\n<p style=\"text-align: center;\" data-start=\"1043\" data-end=\"1390\">A participa\u00e7\u00e3o da Autelec Tecnolog\u00eda como patrocinadora reflete o seu <strong data-start=\"1114\" data-end=\"1157\">compromisso firme com o setor ole\u00edcola<\/strong>, no qual a empresa atua h\u00e1 anos atrav\u00e9s do design e da fabrica\u00e7\u00e3o de equipamentos e maquinaria aplicados \u00e0 ind\u00fastria agroalimentar, com uma especializa\u00e7\u00e3o reconhecida no setor do azeite.<\/p>\n<p><\/p>\n<p style=\"text-align: center;\" data-start=\"1392\" data-end=\"1821\">Segundo o seu diretor-geral, Vicente Carot, o apoio a este concurso \u201creflete a aposta da Autelec num setor em que gozamos de um prest\u00edgio merecido, baseado na qualidade, na inova\u00e7\u00e3o e na fiabilidade dos nossos equipamentos\u201d. Destaca ainda que este concurso \u201c\u00e9 um excelente canal para dar visibilidade internacional a um setor estrat\u00e9gico, no qual a Autelec j\u00e1 comercializa as suas solu\u00e7\u00f5es em cerca de duas dezenas de pa\u00edses\u201d.<\/p>\n<p><\/p>\n<p style=\"text-align: center;\" data-start=\"1823\" data-end=\"2209\">O concurso conta com o apoio de numerosas institui\u00e7\u00f5es e entidades ligadas aos \u00e2mbitos cultural, acad\u00e9mico e agroalimentar, encontrando-se atualmente em fase de <strong data-start=\"1995\" data-end=\"2015\">vota\u00e7\u00e3o do p\u00fablico<\/strong>, aberta at\u00e9 31 de outubro, para a atribui\u00e7\u00e3o dos dois Pr\u00e9mios do P\u00fablico. Esta vota\u00e7\u00e3o j\u00e1 ultrapassou os <strong data-start=\"2140\" data-end=\"2156\">33 000 votos<\/strong>, refletindo o elevado interesse e envolvimento do p\u00fablico.<\/p>\n<p><\/p>\n<p style=\"text-align: center;\" data-start=\"2211\" data-end=\"2465\">Para al\u00e9m destes galard\u00f5es, o concurso contempla pr\u00e9mios nas categorias de conto e microconto, bem como reconhecimentos especiais ligados \u00e0 promo\u00e7\u00e3o do azeite virgem extra (AOVE), \u00e0 criatividade visual e ao talento andaluz.<\/p>\n<p><\/p>\n<p style=\"text-align: center;\" data-start=\"2467\" data-end=\"2759\">Com esta colabora\u00e7\u00e3o, a Autelec Tecnolog\u00eda refor\u00e7a a sua implica\u00e7\u00e3o n\u00e3o s\u00f3 na inova\u00e7\u00e3o tecnol\u00f3gica aplicada ao setor ole\u00edcola, mas tamb\u00e9m na <strong data-start=\"2620\" data-end=\"2684\">promo\u00e7\u00e3o cultural, territorial e social do azeite<\/strong>, um dos principais motores econ\u00f3micos e patrimoniais do nosso territ\u00f3rio.<\/p>\n[\/vc_column_text][divider line_type=&#8221;No Line&#8221; custom_height=&#8221;50&#8243;][image_with_animation image_url=&#8221;2352&#8243; image_size=&#8221;full&#8221; max_width=&#8221;100%&#8221; max_width_mobile=&#8221;default&#8221; animation_type=&#8221;entrance&#8221; animation=&#8221;None&#8221; animation_movement_type=&#8221;transform_y&#8221; hover_animation=&#8221;none&#8221; alignment=&#8221;&#8221; border_radius=&#8221;none&#8221; box_shadow=&#8221;none&#8221; image_loading=&#8221;default&#8221;][\/vc_column][\/vc_row]\n","protected":false},"excerpt":{"rendered":"<p>[vc_row type=&#8221;in_container&#8221; full_screen_row_position=&#8221;middle&#8221; column_margin=&#8221;default&#8221; column_direction=&#8221;default&#8221; column_direction_tablet=&#8221;default&#8221; column_direction_phone=&#8221;default&#8221; scene_position=&#8221;center&#8221; text_color=&#8221;dark&#8221; text_align=&#8221;left&#8221; row_border_radius=&#8221;none&#8221; row_border_radius_applies=&#8221;bg&#8221; row_position_desktop=&#8221;default&#8221; row_position_tablet=&#8221;inherit&#8221; row_position_phone=&#8221;inherit&#8221; overflow=&#8221;visible&#8221; overlay_strength=&#8221;0.3&#8243; gradient_direction=&#8221;left_to_right&#8221; shape_divider_position=&#8221;bottom&#8221; bg_image_animation=&#8221;none&#8221;][vc_column column_padding=&#8221;no-extra-padding&#8221; column_padding_tablet=&#8221;inherit&#8221; column_padding_phone=&#8221;inherit&#8221; column_padding_position=&#8221;all&#8221; flex_gap_desktop=&#8221;10px&#8221; column_element_direction_desktop=&#8221;default&#8221; column_element_spacing=&#8221;default&#8221; centered_text=&#8221;true&#8221; desktop_text_alignment=&#8221;default&#8221; tablet_text_alignment=&#8221;default&#8221;&#8230;<\/p>\n","protected":false},"author":1,"featured_media":2355,"comment_status":"open","ping_status":"open","sticky":false,"template":"","format":"standard","meta":{"_exactmetrics_skip_tracking":false,"_exactmetrics_sitenote_active":false,"_exactmetrics_sitenote_note":"","_exactmetrics_sitenote_category":0,"footnotes":""},"categories":[71],"tags":[],"class_list":{"0":"post-2363","1":"post","2":"type-post","3":"status-publish","4":"format-standard","5":"has-post-thumbnail","7":"category-noticias-autelec-pt-pt"},"yoast_head":"<!-- This site is optimized with the Yoast SEO plugin v26.9 - https:\/\/yoast.com\/product\/yoast-seo-wordpress\/ -->\n<title>A Autelec Technology patrocina o Pr\u00eamio Internacional de Contos.<\/title>\n<meta name=\"description\" content=\"A Autelec Tecnolog\u00eda junta-se como patrocinadora do Pr\u00e9mio Internacional de Contos sobre Olivais, Azeite e Turismo da Oliva.\" \/>\n<meta name=\"robots\" content=\"index, follow, max-snippet:-1, max-image-preview:large, max-video-preview:-1\" \/>\n<link rel=\"canonical\" href=\"https:\/\/autelec.es\/autelec-patrocina-premio-internacional-relatos\/\" \/>\n<meta property=\"og:locale\" content=\"pt_PT\" \/>\n<meta property=\"og:type\" content=\"article\" \/>\n<meta property=\"og:title\" content=\"A Autelec Technology patrocina o Pr\u00eamio Internacional de Contos.\" \/>\n<meta property=\"og:description\" content=\"A Autelec Tecnolog\u00eda junta-se como patrocinadora do Pr\u00e9mio Internacional de Contos sobre Olivais, Azeite e Turismo da Oliva.\" \/>\n<meta property=\"og:url\" content=\"https:\/\/autelec.es\/autelec-patrocina-premio-internacional-relatos\/\" \/>\n<meta property=\"og:site_name\" content=\"Autelec\" \/>\n<meta property=\"article:publisher\" content=\"https:\/\/www.facebook.com\/autelec.tecnologia.sl\/\" \/>\n<meta property=\"article:published_time\" content=\"2026-02-09T11:48:42+00:00\" \/>\n<meta property=\"article:modified_time\" content=\"2026-02-09T11:48:43+00:00\" \/>\n<meta property=\"og:image\" content=\"https:\/\/autelec.es\/wp-content\/uploads\/2026\/02\/Foto-Autelec-1.jpg\" \/>\n\t<meta property=\"og:image:width\" content=\"1300\" \/>\n\t<meta property=\"og:image:height\" content=\"975\" \/>\n\t<meta property=\"og:image:type\" content=\"image\/jpeg\" \/>\n<meta name=\"author\" content=\"Autelec\" \/>\n<meta name=\"twitter:card\" content=\"summary_large_image\" \/>\n<meta name=\"twitter:creator\" content=\"@autelec\" \/>\n<meta name=\"twitter:site\" content=\"@autelec\" \/>\n<meta name=\"twitter:label1\" content=\"Escrito por\" \/>\n\t<meta name=\"twitter:data1\" content=\"Autelec\" \/>\n\t<meta name=\"twitter:label2\" content=\"Tempo estimado de leitura\" \/>\n\t<meta name=\"twitter:data2\" content=\"3 minutos\" \/>\n<script type=\"application\/ld+json\" class=\"yoast-schema-graph\">{\"@context\":\"https:\/\/schema.org\",\"@graph\":[{\"@type\":\"Article\",\"@id\":\"https:\/\/autelec.es\/autelec-patrocina-premio-internacional-relatos\/#article\",\"isPartOf\":{\"@id\":\"https:\/\/autelec.es\/autelec-patrocina-premio-internacional-relatos\/\"},\"author\":{\"name\":\"Autelec\",\"@id\":\"https:\/\/autelec.es\/#\/schema\/person\/383db1ae4c98d38da90f442f167db8f4\"},\"headline\":\"Autelec Tecnolog\u00eda, patrocinadora do Pr\u00eamio Internacional de Contos sobre Olivais, Azeite e Turismo de Oliva\",\"datePublished\":\"2026-02-09T11:48:42+00:00\",\"dateModified\":\"2026-02-09T11:48:43+00:00\",\"mainEntityOfPage\":{\"@id\":\"https:\/\/autelec.es\/autelec-patrocina-premio-internacional-relatos\/\"},\"wordCount\":661,\"commentCount\":0,\"image\":{\"@id\":\"https:\/\/autelec.es\/autelec-patrocina-premio-internacional-relatos\/#primaryimage\"},\"thumbnailUrl\":\"https:\/\/autelec.es\/wp-content\/uploads\/2026\/02\/Foto-Autelec-1.jpg\",\"articleSection\":[\"Not\u00edcias Autelec\"],\"inLanguage\":\"pt-PT\",\"potentialAction\":[{\"@type\":\"CommentAction\",\"name\":\"Comment\",\"target\":[\"https:\/\/autelec.es\/autelec-patrocina-premio-internacional-relatos\/#respond\"]}]},{\"@type\":\"WebPage\",\"@id\":\"https:\/\/autelec.es\/autelec-patrocina-premio-internacional-relatos\/\",\"url\":\"https:\/\/autelec.es\/autelec-patrocina-premio-internacional-relatos\/\",\"name\":\"A Autelec Technology patrocina o Pr\u00eamio Internacional de Contos.\",\"isPartOf\":{\"@id\":\"https:\/\/autelec.es\/#website\"},\"primaryImageOfPage\":{\"@id\":\"https:\/\/autelec.es\/autelec-patrocina-premio-internacional-relatos\/#primaryimage\"},\"image\":{\"@id\":\"https:\/\/autelec.es\/autelec-patrocina-premio-internacional-relatos\/#primaryimage\"},\"thumbnailUrl\":\"https:\/\/autelec.es\/wp-content\/uploads\/2026\/02\/Foto-Autelec-1.jpg\",\"datePublished\":\"2026-02-09T11:48:42+00:00\",\"dateModified\":\"2026-02-09T11:48:43+00:00\",\"author\":{\"@id\":\"https:\/\/autelec.es\/#\/schema\/person\/383db1ae4c98d38da90f442f167db8f4\"},\"description\":\"A Autelec Tecnolog\u00eda junta-se como patrocinadora do Pr\u00e9mio Internacional de Contos sobre Olivais, Azeite e Turismo da Oliva.\",\"breadcrumb\":{\"@id\":\"https:\/\/autelec.es\/autelec-patrocina-premio-internacional-relatos\/#breadcrumb\"},\"inLanguage\":\"pt-PT\",\"potentialAction\":[{\"@type\":\"ReadAction\",\"target\":[\"https:\/\/autelec.es\/autelec-patrocina-premio-internacional-relatos\/\"]}]},{\"@type\":\"ImageObject\",\"inLanguage\":\"pt-PT\",\"@id\":\"https:\/\/autelec.es\/autelec-patrocina-premio-internacional-relatos\/#primaryimage\",\"url\":\"https:\/\/autelec.es\/wp-content\/uploads\/2026\/02\/Foto-Autelec-1.jpg\",\"contentUrl\":\"https:\/\/autelec.es\/wp-content\/uploads\/2026\/02\/Foto-Autelec-1.jpg\",\"width\":1300,\"height\":975},{\"@type\":\"BreadcrumbList\",\"@id\":\"https:\/\/autelec.es\/autelec-patrocina-premio-internacional-relatos\/#breadcrumb\",\"itemListElement\":[{\"@type\":\"ListItem\",\"position\":1,\"name\":\"Portada\",\"item\":\"https:\/\/autelec.es\/\"},{\"@type\":\"ListItem\",\"position\":2,\"name\":\"Autelec Tecnolog\u00eda, patrocinadora do Pr\u00eamio Internacional de Contos sobre Olivais, Azeite e Turismo de Oliva\"}]},{\"@type\":\"WebSite\",\"@id\":\"https:\/\/autelec.es\/#website\",\"url\":\"https:\/\/autelec.es\/\",\"name\":\"Autelec\",\"description\":\"Otro sitio realizado con WordPress\",\"potentialAction\":[{\"@type\":\"SearchAction\",\"target\":{\"@type\":\"EntryPoint\",\"urlTemplate\":\"https:\/\/autelec.es\/?s={search_term_string}\"},\"query-input\":{\"@type\":\"PropertyValueSpecification\",\"valueRequired\":true,\"valueName\":\"search_term_string\"}}],\"inLanguage\":\"pt-PT\"},{\"@type\":\"Person\",\"@id\":\"https:\/\/autelec.es\/#\/schema\/person\/383db1ae4c98d38da90f442f167db8f4\",\"name\":\"Autelec\",\"url\":\"https:\/\/autelec.es\/pt-pt\/author\/wp_sp\/\"}]}<\/script>\n<!-- \/ Yoast SEO plugin. -->","yoast_head_json":{"title":"A Autelec Technology patrocina o Pr\u00eamio Internacional de Contos.","description":"A Autelec Tecnolog\u00eda junta-se como patrocinadora do Pr\u00e9mio Internacional de Contos sobre Olivais, Azeite e Turismo da Oliva.","robots":{"index":"index","follow":"follow","max-snippet":"max-snippet:-1","max-image-preview":"max-image-preview:large","max-video-preview":"max-video-preview:-1"},"canonical":"https:\/\/autelec.es\/autelec-patrocina-premio-internacional-relatos\/","og_locale":"pt_PT","og_type":"article","og_title":"A Autelec Technology patrocina o Pr\u00eamio Internacional de Contos.","og_description":"A Autelec Tecnolog\u00eda junta-se como patrocinadora do Pr\u00e9mio Internacional de Contos sobre Olivais, Azeite e Turismo da Oliva.","og_url":"https:\/\/autelec.es\/autelec-patrocina-premio-internacional-relatos\/","og_site_name":"Autelec","article_publisher":"https:\/\/www.facebook.com\/autelec.tecnologia.sl\/","article_published_time":"2026-02-09T11:48:42+00:00","article_modified_time":"2026-02-09T11:48:43+00:00","og_image":[{"width":1300,"height":975,"url":"https:\/\/autelec.es\/wp-content\/uploads\/2026\/02\/Foto-Autelec-1.jpg","type":"image\/jpeg"}],"author":"Autelec","twitter_card":"summary_large_image","twitter_creator":"@autelec","twitter_site":"@autelec","twitter_misc":{"Escrito por":"Autelec","Tempo estimado de leitura":"3 minutos"},"schema":{"@context":"https:\/\/schema.org","@graph":[{"@type":"Article","@id":"https:\/\/autelec.es\/autelec-patrocina-premio-internacional-relatos\/#article","isPartOf":{"@id":"https:\/\/autelec.es\/autelec-patrocina-premio-internacional-relatos\/"},"author":{"name":"Autelec","@id":"https:\/\/autelec.es\/#\/schema\/person\/383db1ae4c98d38da90f442f167db8f4"},"headline":"Autelec Tecnolog\u00eda, patrocinadora do Pr\u00eamio Internacional de Contos sobre Olivais, Azeite e Turismo de Oliva","datePublished":"2026-02-09T11:48:42+00:00","dateModified":"2026-02-09T11:48:43+00:00","mainEntityOfPage":{"@id":"https:\/\/autelec.es\/autelec-patrocina-premio-internacional-relatos\/"},"wordCount":661,"commentCount":0,"image":{"@id":"https:\/\/autelec.es\/autelec-patrocina-premio-internacional-relatos\/#primaryimage"},"thumbnailUrl":"https:\/\/autelec.es\/wp-content\/uploads\/2026\/02\/Foto-Autelec-1.jpg","articleSection":["Not\u00edcias Autelec"],"inLanguage":"pt-PT","potentialAction":[{"@type":"CommentAction","name":"Comment","target":["https:\/\/autelec.es\/autelec-patrocina-premio-internacional-relatos\/#respond"]}]},{"@type":"WebPage","@id":"https:\/\/autelec.es\/autelec-patrocina-premio-internacional-relatos\/","url":"https:\/\/autelec.es\/autelec-patrocina-premio-internacional-relatos\/","name":"A Autelec Technology patrocina o Pr\u00eamio Internacional de Contos.","isPartOf":{"@id":"https:\/\/autelec.es\/#website"},"primaryImageOfPage":{"@id":"https:\/\/autelec.es\/autelec-patrocina-premio-internacional-relatos\/#primaryimage"},"image":{"@id":"https:\/\/autelec.es\/autelec-patrocina-premio-internacional-relatos\/#primaryimage"},"thumbnailUrl":"https:\/\/autelec.es\/wp-content\/uploads\/2026\/02\/Foto-Autelec-1.jpg","datePublished":"2026-02-09T11:48:42+00:00","dateModified":"2026-02-09T11:48:43+00:00","author":{"@id":"https:\/\/autelec.es\/#\/schema\/person\/383db1ae4c98d38da90f442f167db8f4"},"description":"A Autelec Tecnolog\u00eda junta-se como patrocinadora do Pr\u00e9mio Internacional de Contos sobre Olivais, Azeite e Turismo da Oliva.","breadcrumb":{"@id":"https:\/\/autelec.es\/autelec-patrocina-premio-internacional-relatos\/#breadcrumb"},"inLanguage":"pt-PT","potentialAction":[{"@type":"ReadAction","target":["https:\/\/autelec.es\/autelec-patrocina-premio-internacional-relatos\/"]}]},{"@type":"ImageObject","inLanguage":"pt-PT","@id":"https:\/\/autelec.es\/autelec-patrocina-premio-internacional-relatos\/#primaryimage","url":"https:\/\/autelec.es\/wp-content\/uploads\/2026\/02\/Foto-Autelec-1.jpg","contentUrl":"https:\/\/autelec.es\/wp-content\/uploads\/2026\/02\/Foto-Autelec-1.jpg","width":1300,"height":975},{"@type":"BreadcrumbList","@id":"https:\/\/autelec.es\/autelec-patrocina-premio-internacional-relatos\/#breadcrumb","itemListElement":[{"@type":"ListItem","position":1,"name":"Portada","item":"https:\/\/autelec.es\/"},{"@type":"ListItem","position":2,"name":"Autelec Tecnolog\u00eda, patrocinadora do Pr\u00eamio Internacional de Contos sobre Olivais, Azeite e Turismo de Oliva"}]},{"@type":"WebSite","@id":"https:\/\/autelec.es\/#website","url":"https:\/\/autelec.es\/","name":"Autelec","description":"Otro sitio realizado con WordPress","potentialAction":[{"@type":"SearchAction","target":{"@type":"EntryPoint","urlTemplate":"https:\/\/autelec.es\/?s={search_term_string}"},"query-input":{"@type":"PropertyValueSpecification","valueRequired":true,"valueName":"search_term_string"}}],"inLanguage":"pt-PT"},{"@type":"Person","@id":"https:\/\/autelec.es\/#\/schema\/person\/383db1ae4c98d38da90f442f167db8f4","name":"Autelec","url":"https:\/\/autelec.es\/pt-pt\/author\/wp_sp\/"}]}},"_links":{"self":[{"href":"https:\/\/autelec.es\/pt-pt\/wp-json\/wp\/v2\/posts\/2363","targetHints":{"allow":["GET"]}}],"collection":[{"href":"https:\/\/autelec.es\/pt-pt\/wp-json\/wp\/v2\/posts"}],"about":[{"href":"https:\/\/autelec.es\/pt-pt\/wp-json\/wp\/v2\/types\/post"}],"author":[{"embeddable":true,"href":"https:\/\/autelec.es\/pt-pt\/wp-json\/wp\/v2\/users\/1"}],"replies":[{"embeddable":true,"href":"https:\/\/autelec.es\/pt-pt\/wp-json\/wp\/v2\/comments?post=2363"}],"version-history":[{"count":2,"href":"https:\/\/autelec.es\/pt-pt\/wp-json\/wp\/v2\/posts\/2363\/revisions"}],"predecessor-version":[{"id":2365,"href":"https:\/\/autelec.es\/pt-pt\/wp-json\/wp\/v2\/posts\/2363\/revisions\/2365"}],"wp:featuredmedia":[{"embeddable":true,"href":"https:\/\/autelec.es\/pt-pt\/wp-json\/wp\/v2\/media\/2355"}],"wp:attachment":[{"href":"https:\/\/autelec.es\/pt-pt\/wp-json\/wp\/v2\/media?parent=2363"}],"wp:term":[{"taxonomy":"category","embeddable":true,"href":"https:\/\/autelec.es\/pt-pt\/wp-json\/wp\/v2\/categories?post=2363"},{"taxonomy":"post_tag","embeddable":true,"href":"https:\/\/autelec.es\/pt-pt\/wp-json\/wp\/v2\/tags?post=2363"}],"curies":[{"name":"wp","href":"https:\/\/api.w.org\/{rel}","templated":true}]}}